{"id":998,"date":"2018-05-15T10:06:09","date_gmt":"2018-05-15T10:06:09","guid":{"rendered":"http:\/\/veinsxrubi.org\/veins-per-rubi-torna-a-denunciar-el-precari-manteniment-de-les-urbanitzacions\/"},"modified":"2018-05-15T10:06:09","modified_gmt":"2018-05-15T10:06:09","slug":"veins-per-rubi-torna-a-denunciar-el-precari-manteniment-de-les-urbanitzacions","status":"publish","type":"post","link":"https:\/\/veinsxrubi.org\/es\/veins-per-rubi-torna-a-denunciar-el-precari-manteniment-de-les-urbanitzacions\/","title":{"rendered":"Ve\u00efns per Rub\u00ed torna a denunciar el precari manteniment de les urbanitzacions"},"content":{"rendered":"<p>[et_pb_section fb_built=\u00bb1&#8243; theme_builder_area=\u00bbpost_content\u00bb _builder_version=\u00bb4.17.0&#8243; _module_preset=\u00bbdefault\u00bb][et_pb_row _builder_version=\u00bb4.17.0&#8243; _module_preset=\u00bbdefault\u00bb theme_builder_area=\u00bbpost_content\u00bb][et_pb_column _builder_version=\u00bb4.17.0&#8243; _module_preset=\u00bbdefault\u00bb type=\u00bb4_4&#8243; theme_builder_area=\u00bbpost_content\u00bb][et_pb_text _builder_version=\u00bb4.17.0&#8243; _module_preset=\u00bbdefault\u00bb theme_builder_area=\u00bbpost_content\u00bb text_font=\u00bbHenjuLight||||||||\u00bb text_font_size=\u00bb14pt\u00bb text_line_height=\u00bb21pt\u00bb text_text_color=\u00bb#3a3a3a\u00bb link_text_color=\u00bb#3a3a3a\u00bb hover_enabled=\u00bb0&#8243; sticky_enabled=\u00bb0&#8243;]<\/p>\n<p>La formaci\u00f3 pol\u00edtica promet que si en el futur arriba al govern, apostar\u00e0 per un Pla de manteniment espec\u00edfic per les urbanitzacions<\/p>\n<p>Des de <strong>Ve\u00efns per Rub\u00ed<\/strong> han tornat a denunciar l\u2019estat precari i el manteniment insuficient que pateix l\u2019<strong>espai urb\u00e0 de les urbanitzacions de Rub\u00ed<\/strong>. Des de la formaci\u00f3 lamenten que aquest problema es tracta \u201cd\u2019una extensi\u00f3 dels problemes de manteniment que ja pateix el nucli urb\u00e0 des de fa anys\u201d.<\/p>\n<p>Segons VR, \u201cdespr\u00e9s de tres anys de mandat, hem pogut constatar la l\u00ednia continuista en aquest aspecte per part del govern del PSC, amb falses promeses a les ve\u00efnes i ve\u00efns de les nostres urbanitzacions per resoldre problemes de manteniment del dia a dia, per\u00f2 tamb\u00e9 problemes end\u00e8mics. La campanya de propaganda Alcaldia als Barris ha sigut un altre frac\u00e0s, i no deixa de ser una mala imitaci\u00f3 de l\u2019anomenat estil Bustos\u201d, en refer\u00e8ncia a l\u2019exalcalde de Sabadell imputat per diversos delictes contra l\u2019administraci\u00f3 p\u00fablica, entre altres.<\/p>\n<p>La formaci\u00f3 pol\u00edtica promet que, en cas d\u2019arribar a tenir responsabilitats de govern en el futur, apostaran per implantar un <strong>Pla de Manteniment espec\u00edfic per les urbanitzacions<\/strong>, ja que consideren que l\u2019actual protocol i planificaci\u00f3, en mans del <strong>PSC<\/strong>, ha mostrat ser un frac\u00e0s. <strong>VR<\/strong> posa com a exemple d\u2019aquest frac\u00e0s la urbanitzaci\u00f3 de Can Ximelis, on denuncien que despr\u00e9s de 15 anys encara no s\u2019han finalitzat els carrers Sierra Neva i Puigmal. La formaci\u00f3 tamb\u00e9 exemplifica aquesta deixadesa amb el dif\u00edcil acc\u00e9s als habitatges del cam\u00ed de Sant Mu\u00e7 18, que dificulta l\u2019entrada de serveis d\u2019emerg\u00e8ncia en cas de necessitat.<\/p>\n<p><a href=\"http:\/\/elmon.cat\/totrubi\/politica\/veins-rubi-denuncia-precari-manteniment-urbanitzacions\" target=\"_blank\" rel=\"noopener\">ENLLA\u00c7 AL TOT RUB\u00cd<\/a><\/p>\n<p>[\/et_pb_text][\/et_pb_column][\/et_pb_row][\/et_pb_section]<\/p>\n","protected":false},"excerpt":{"rendered":"<p>La formaci\u00f3 pol\u00edtica promet que si en el futur arriba al govern, apostar\u00e0 per un Pla de manteniment espec\u00edfic per les urbanitzacions Des de Ve\u00efns per Rub\u00ed han tornat a denunciar l\u2019estat precari i el manteniment insuficient que pateix l\u2019espai urb\u00e0 de les urbanitzacions de Rub\u00ed. Des de la formaci\u00f3 lamenten que aquest problema es [&hellip;]<\/p>\n","protected":false},"author":1,"featured_media":833,"comment_status":"open","ping_status":"open","sticky":false,"template":"","format":"standard","meta":{"_et_pb_use_builder":"on","_et_pb_old_content":"","_et_gb_content_width":"","inline_featured_image":false,"footnotes":""},"categories":[17],"tags":[],"class_list":["post-998","post","type-post","status-publish","format-standard","has-post-thumbnail","hentry","category-noticies-es"],"yoast_head":"<!-- This site is optimized with the Yoast SEO plugin v18.7 - https:\/\/yoast.com\/wordpress\/plugins\/seo\/ -->\n<title>Ve\u00efns per Rub\u00ed torna a denunciar el precari manteniment de les urbanitzacions - Ve\u00efns per Rub\u00ed<\/title>\n<meta name=\"robots\" content=\"index, follow, max-snippet:-1, max-image-preview:large, max-video-preview:-1\" \/>\n<link rel=\"canonical\" href=\"https:\/\/veinsxrubi.org\/es\/veins-per-rubi-torna-a-denunciar-el-precari-manteniment-de-les-urbanitzacions\/\" \/>\n<meta property=\"og:locale\" content=\"es_ES\" \/>\n<meta property=\"og:type\" content=\"article\" \/>\n<meta property=\"og:title\" content=\"Ve\u00efns per Rub\u00ed torna a denunciar el precari manteniment de les urbanitzacions - Ve\u00efns per Rub\u00ed\" \/>\n<meta property=\"og:description\" content=\"La formaci\u00f3 pol\u00edtica promet que si en el futur arriba al govern, apostar\u00e0 per un Pla de manteniment espec\u00edfic per les urbanitzacions Des de Ve\u00efns per Rub\u00ed han tornat a denunciar l\u2019estat precari i el manteniment insuficient que pateix l\u2019espai urb\u00e0 de les urbanitzacions de Rub\u00ed. Des de la formaci\u00f3 lamenten que aquest problema es [&hellip;]\" \/>\n<meta property=\"og:url\" content=\"https:\/\/veinsxrubi.org\/es\/veins-per-rubi-torna-a-denunciar-el-precari-manteniment-de-les-urbanitzacions\/\" \/>\n<meta property=\"og:site_name\" content=\"Ve\u00efns per Rub\u00ed\" \/>\n<meta property=\"article:published_time\" content=\"2018-05-15T10:06:09+00:00\" \/>\n<meta property=\"og:image\" content=\"https:\/\/veinsxrubi.org\/wp-content\/uploads\/2022\/04\/aquest-es-lestat-actual-del-cami-de-sant-muc-18.jpg\" \/>\n\t<meta property=\"og:image:width\" content=\"706\" \/>\n\t<meta property=\"og:image:height\" content=\"452\" \/>\n\t<meta property=\"og:image:type\" content=\"image\/jpeg\" \/>\n<meta name=\"twitter:card\" content=\"summary_large_image\" \/>\n<meta name=\"twitter:label1\" content=\"Escrito por\" \/>\n\t<meta name=\"twitter:data1\" content=\"mediatic-mc\" \/>\n\t<meta name=\"twitter:label2\" content=\"Tiempo de lectura\" \/>\n\t<meta name=\"twitter:data2\" content=\"2 minutos\" \/>\n<script type=\"application\/ld+json\" class=\"yoast-schema-graph\">{\"@context\":\"https:\/\/schema.org\",\"@graph\":[{\"@type\":\"WebSite\",\"@id\":\"https:\/\/veinsxrubi.org\/#website\",\"url\":\"https:\/\/veinsxrubi.org\/\",\"name\":\"Ve\u00efns per Rub\u00ed\",\"description\":\"\",\"potentialAction\":[{\"@type\":\"SearchAction\",\"target\":{\"@type\":\"EntryPoint\",\"urlTemplate\":\"https:\/\/veinsxrubi.org\/?s={search_term_string}\"},\"query-input\":\"required name=search_term_string\"}],\"inLanguage\":\"es\"},{\"@type\":\"ImageObject\",\"inLanguage\":\"es\",\"@id\":\"https:\/\/veinsxrubi.org\/es\/veins-per-rubi-torna-a-denunciar-el-precari-manteniment-de-les-urbanitzacions\/#primaryimage\",\"url\":\"https:\/\/veinsxrubi.org\/wp-content\/uploads\/2022\/04\/aquest-es-lestat-actual-del-cami-de-sant-muc-18.jpg\",\"contentUrl\":\"https:\/\/veinsxrubi.org\/wp-content\/uploads\/2022\/04\/aquest-es-lestat-actual-del-cami-de-sant-muc-18.jpg\",\"width\":706,\"height\":452},{\"@type\":\"WebPage\",\"@id\":\"https:\/\/veinsxrubi.org\/es\/veins-per-rubi-torna-a-denunciar-el-precari-manteniment-de-les-urbanitzacions\/#webpage\",\"url\":\"https:\/\/veinsxrubi.org\/es\/veins-per-rubi-torna-a-denunciar-el-precari-manteniment-de-les-urbanitzacions\/\",\"name\":\"Ve\u00efns per Rub\u00ed torna a denunciar el precari manteniment de les urbanitzacions - Ve\u00efns per Rub\u00ed\",\"isPartOf\":{\"@id\":\"https:\/\/veinsxrubi.org\/#website\"},\"primaryImageOfPage\":{\"@id\":\"https:\/\/veinsxrubi.org\/es\/veins-per-rubi-torna-a-denunciar-el-precari-manteniment-de-les-urbanitzacions\/#primaryimage\"},\"datePublished\":\"2018-05-15T10:06:09+00:00\",\"dateModified\":\"2018-05-15T10:06:09+00:00\",\"author\":{\"@id\":\"https:\/\/veinsxrubi.org\/#\/schema\/person\/edc38d8c6e8244476e119cd9a2520548\"},\"breadcrumb\":{\"@id\":\"https:\/\/veinsxrubi.org\/es\/veins-per-rubi-torna-a-denunciar-el-precari-manteniment-de-les-urbanitzacions\/#breadcrumb\"},\"inLanguage\":\"es\",\"potentialAction\":[{\"@type\":\"ReadAction\",\"target\":[\"https:\/\/veinsxrubi.org\/es\/veins-per-rubi-torna-a-denunciar-el-precari-manteniment-de-les-urbanitzacions\/\"]}]},{\"@type\":\"BreadcrumbList\",\"@id\":\"https:\/\/veinsxrubi.org\/es\/veins-per-rubi-torna-a-denunciar-el-precari-manteniment-de-les-urbanitzacions\/#breadcrumb\",\"itemListElement\":[{\"@type\":\"ListItem\",\"position\":1,\"name\":\"Inici\",\"item\":\"https:\/\/veinsxrubi.org\/es\/\"},{\"@type\":\"ListItem\",\"position\":2,\"name\":\"Ve\u00efns per Rub\u00ed torna a denunciar el precari manteniment de les urbanitzacions\"}]},{\"@type\":\"Person\",\"@id\":\"https:\/\/veinsxrubi.org\/#\/schema\/person\/edc38d8c6e8244476e119cd9a2520548\",\"name\":\"mediatic-mc\",\"image\":{\"@type\":\"ImageObject\",\"inLanguage\":\"es\",\"@id\":\"https:\/\/veinsxrubi.org\/#\/schema\/person\/image\/\",\"url\":\"https:\/\/secure.gravatar.com\/avatar\/a1f421040c7275c3ff5f095a1201caa49ec29eb6567df6e7f04f9edd916fab55?s=96&d=mm&r=g\",\"contentUrl\":\"https:\/\/secure.gravatar.com\/avatar\/a1f421040c7275c3ff5f095a1201caa49ec29eb6567df6e7f04f9edd916fab55?s=96&d=mm&r=g\",\"caption\":\"mediatic-mc\"},\"sameAs\":[\"http:\/\/veinsxrubi.org\/\"],\"url\":\"https:\/\/veinsxrubi.org\/es\/author\/mediatic-mc\/\"}]}<\/script>\n<!-- \/ Yoast SEO plugin. -->","yoast_head_json":{"title":"Ve\u00efns per Rub\u00ed torna a denunciar el precari manteniment de les urbanitzacions - Ve\u00efns per Rub\u00ed","robots":{"index":"index","follow":"follow","max-snippet":"max-snippet:-1","max-image-preview":"max-image-preview:large","max-video-preview":"max-video-preview:-1"},"canonical":"https:\/\/veinsxrubi.org\/es\/veins-per-rubi-torna-a-denunciar-el-precari-manteniment-de-les-urbanitzacions\/","og_locale":"es_ES","og_type":"article","og_title":"Ve\u00efns per Rub\u00ed torna a denunciar el precari manteniment de les urbanitzacions - Ve\u00efns per Rub\u00ed","og_description":"La formaci\u00f3 pol\u00edtica promet que si en el futur arriba al govern, apostar\u00e0 per un Pla de manteniment espec\u00edfic per les urbanitzacions Des de Ve\u00efns per Rub\u00ed han tornat a denunciar l\u2019estat precari i el manteniment insuficient que pateix l\u2019espai urb\u00e0 de les urbanitzacions de Rub\u00ed. Des de la formaci\u00f3 lamenten que aquest problema es [&hellip;]","og_url":"https:\/\/veinsxrubi.org\/es\/veins-per-rubi-torna-a-denunciar-el-precari-manteniment-de-les-urbanitzacions\/","og_site_name":"Ve\u00efns per Rub\u00ed","article_published_time":"2018-05-15T10:06:09+00:00","og_image":[{"width":706,"height":452,"url":"https:\/\/veinsxrubi.org\/wp-content\/uploads\/2022\/04\/aquest-es-lestat-actual-del-cami-de-sant-muc-18.jpg","type":"image\/jpeg"}],"twitter_card":"summary_large_image","twitter_misc":{"Escrito por":"mediatic-mc","Tiempo de lectura":"2 minutos"},"schema":{"@context":"https:\/\/schema.org","@graph":[{"@type":"WebSite","@id":"https:\/\/veinsxrubi.org\/#website","url":"https:\/\/veinsxrubi.org\/","name":"Ve\u00efns per Rub\u00ed","description":"","potentialAction":[{"@type":"SearchAction","target":{"@type":"EntryPoint","urlTemplate":"https:\/\/veinsxrubi.org\/?s={search_term_string}"},"query-input":"required name=search_term_string"}],"inLanguage":"es"},{"@type":"ImageObject","inLanguage":"es","@id":"https:\/\/veinsxrubi.org\/es\/veins-per-rubi-torna-a-denunciar-el-precari-manteniment-de-les-urbanitzacions\/#primaryimage","url":"https:\/\/veinsxrubi.org\/wp-content\/uploads\/2022\/04\/aquest-es-lestat-actual-del-cami-de-sant-muc-18.jpg","contentUrl":"https:\/\/veinsxrubi.org\/wp-content\/uploads\/2022\/04\/aquest-es-lestat-actual-del-cami-de-sant-muc-18.jpg","width":706,"height":452},{"@type":"WebPage","@id":"https:\/\/veinsxrubi.org\/es\/veins-per-rubi-torna-a-denunciar-el-precari-manteniment-de-les-urbanitzacions\/#webpage","url":"https:\/\/veinsxrubi.org\/es\/veins-per-rubi-torna-a-denunciar-el-precari-manteniment-de-les-urbanitzacions\/","name":"Ve\u00efns per Rub\u00ed torna a denunciar el precari manteniment de les urbanitzacions - Ve\u00efns per Rub\u00ed","isPartOf":{"@id":"https:\/\/veinsxrubi.org\/#website"},"primaryImageOfPage":{"@id":"https:\/\/veinsxrubi.org\/es\/veins-per-rubi-torna-a-denunciar-el-precari-manteniment-de-les-urbanitzacions\/#primaryimage"},"datePublished":"2018-05-15T10:06:09+00:00","dateModified":"2018-05-15T10:06:09+00:00","author":{"@id":"https:\/\/veinsxrubi.org\/#\/schema\/person\/edc38d8c6e8244476e119cd9a2520548"},"breadcrumb":{"@id":"https:\/\/veinsxrubi.org\/es\/veins-per-rubi-torna-a-denunciar-el-precari-manteniment-de-les-urbanitzacions\/#breadcrumb"},"inLanguage":"es","potentialAction":[{"@type":"ReadAction","target":["https:\/\/veinsxrubi.org\/es\/veins-per-rubi-torna-a-denunciar-el-precari-manteniment-de-les-urbanitzacions\/"]}]},{"@type":"BreadcrumbList","@id":"https:\/\/veinsxrubi.org\/es\/veins-per-rubi-torna-a-denunciar-el-precari-manteniment-de-les-urbanitzacions\/#breadcrumb","itemListElement":[{"@type":"ListItem","position":1,"name":"Inici","item":"https:\/\/veinsxrubi.org\/es\/"},{"@type":"ListItem","position":2,"name":"Ve\u00efns per Rub\u00ed torna a denunciar el precari manteniment de les urbanitzacions"}]},{"@type":"Person","@id":"https:\/\/veinsxrubi.org\/#\/schema\/person\/edc38d8c6e8244476e119cd9a2520548","name":"mediatic-mc","image":{"@type":"ImageObject","inLanguage":"es","@id":"https:\/\/veinsxrubi.org\/#\/schema\/person\/image\/","url":"https:\/\/secure.gravatar.com\/avatar\/a1f421040c7275c3ff5f095a1201caa49ec29eb6567df6e7f04f9edd916fab55?s=96&d=mm&r=g","contentUrl":"https:\/\/secure.gravatar.com\/avatar\/a1f421040c7275c3ff5f095a1201caa49ec29eb6567df6e7f04f9edd916fab55?s=96&d=mm&r=g","caption":"mediatic-mc"},"sameAs":["http:\/\/veinsxrubi.org\/"],"url":"https:\/\/veinsxrubi.org\/es\/author\/mediatic-mc\/"}]}},"_links":{"self":[{"href":"https:\/\/veinsxrubi.org\/es\/wp-json\/wp\/v2\/posts\/998","targetHints":{"allow":["GET"]}}],"collection":[{"href":"https:\/\/veinsxrubi.org\/es\/wp-json\/wp\/v2\/posts"}],"about":[{"href":"https:\/\/veinsxrubi.org\/es\/wp-json\/wp\/v2\/types\/post"}],"author":[{"embeddable":true,"href":"https:\/\/veinsxrubi.org\/es\/wp-json\/wp\/v2\/users\/1"}],"replies":[{"embeddable":true,"href":"https:\/\/veinsxrubi.org\/es\/wp-json\/wp\/v2\/comments?post=998"}],"version-history":[{"count":0,"href":"https:\/\/veinsxrubi.org\/es\/wp-json\/wp\/v2\/posts\/998\/revisions"}],"wp:featuredmedia":[{"embeddable":true,"href":"https:\/\/veinsxrubi.org\/es\/wp-json\/wp\/v2\/media\/833"}],"wp:attachment":[{"href":"https:\/\/veinsxrubi.org\/es\/wp-json\/wp\/v2\/media?parent=998"}],"wp:term":[{"taxonomy":"category","embeddable":true,"href":"https:\/\/veinsxrubi.org\/es\/wp-json\/wp\/v2\/categories?post=998"},{"taxonomy":"post_tag","embeddable":true,"href":"https:\/\/veinsxrubi.org\/es\/wp-json\/wp\/v2\/tags?post=998"}],"curies":[{"name":"wp","href":"https:\/\/api.w.org\/{rel}","templated":true}]}}