{"id":997,"date":"2018-06-04T09:56:32","date_gmt":"2018-06-04T09:56:32","guid":{"rendered":"http:\/\/veinsxrubi.org\/vr-troba-injust-que-els-veins-dels-nius-hagin-dassumir-la-meitat-del-cost-de-larranjament-de-les-zones-verdes\/"},"modified":"2018-06-04T09:56:32","modified_gmt":"2018-06-04T09:56:32","slug":"vr-troba-injust-que-els-veins-dels-nius-hagin-dassumir-la-meitat-del-cost-de-larranjament-de-les-zones-verdes","status":"publish","type":"post","link":"https:\/\/veinsxrubi.org\/es\/vr-troba-injust-que-els-veins-dels-nius-hagin-dassumir-la-meitat-del-cost-de-larranjament-de-les-zones-verdes\/","title":{"rendered":"VR troba injust que els ve\u00efns d\u2019Els Nius hagin d\u2019assumir la meitat del cost de l\u2019arranjament de les zones verdes"},"content":{"rendered":"<p>[et_pb_section fb_built=\u00bb1&#8243; theme_builder_area=\u00bbpost_content\u00bb _builder_version=\u00bb4.17.0&#8243; _module_preset=\u00bbdefault\u00bb][et_pb_row _builder_version=\u00bb4.17.0&#8243; _module_preset=\u00bbdefault\u00bb theme_builder_area=\u00bbpost_content\u00bb][et_pb_column _builder_version=\u00bb4.17.0&#8243; _module_preset=\u00bbdefault\u00bb type=\u00bb4_4&#8243; theme_builder_area=\u00bbpost_content\u00bb][et_pb_text _builder_version=\u00bb4.17.0&#8243; _module_preset=\u00bbdefault\u00bb theme_builder_area=\u00bbpost_content\u00bb text_font=\u00bbHenjuLight|300|||||||\u00bb text_font_size=\u00bb14pt\u00bb text_line_height=\u00bb21pt\u00bb text_text_color=\u00bb#3a3a3a\u00bb hover_enabled=\u00bb0&#8243; sticky_enabled=\u00bb0&#8243;]Ve\u00efns per Rub\u00ed presentar\u00e0 al\u00b7legacions al projecte, aprovat de forma inicial pel Ple municipal<\/p>\n<p>Ve\u00efns per Rub\u00ed (VR) ha presentat una s\u00e8rie d\u2019al\u00b7legacions a l\u2019aprovaci\u00f3 inicial del projecte arranjament de les zones verdes del Sector H (Els Nius). Es tracta d\u2019un projecte aprovat de forma inicial durant el ple d\u2019abril i que, segons recull la mem\u00f2ria, \u2018el promotor del projecte \u00e9s l\u2019Ajuntament de Rub\u00ed i les c\u00e0rregues sobre els costos anir\u00e0 repartida entre l\u2019Ajuntament i els propietaris del Sector\u2019.<\/p>\n<p>La formaci\u00f3 d\u2019Antoni Garcia explica que aquest no \u00e9s un projecte d\u2019obra nova en zona no urbanitzada, sin\u00f3 un arranjament de zones verdes ja constru\u00efdes, que reordena, adequa i repara set \u00e0mbits d\u2019enjardinat i accessos per a vianants. Es tracta d\u2019una actuaci\u00f3 llargament reivindicada pels ve\u00efns, que fa temps que denuncien el mal estat dels jardins i places de la zona (veure not\u00edcia). \u2018Podem deduir que es tracta d\u2019un projecte de manteniment de zones verdes existents, motiu pel qual entenem que no es justifica una aportaci\u00f3 econ\u00f2mica extraordin\u00e0ria per part dels propietaris del sector\u2019, explica VR. El partit recorda que les obres d\u2019aquest projecte van ser realitzades pel promotor en el seu moment, per\u00f2 que l\u2019Ajuntament no va recepcionar-les mai.<\/p>\n<p>\u2018El fet de no haver recepcionat les obres ha sigut el motiu que ha argumentat l\u2019Ajuntament per no fer manteniment ordinari d\u2019aquests \u00e0mbits durant gaireb\u00e9 15 anys, fet que han reclamat ve\u00efns de la zona durant molts anys a trav\u00e9s d\u2019inst\u00e0ncies presentades a l\u2019OAC\u2019, explica VR, que considera que el fet de no haver realitzat manteniment durant aquest per\u00edode \u2018ha suposat un greu perjudici pels ve\u00efns\u2019 i un estalvi per a les arques municipals.<\/p>\n<p>Per tot plegat, VR ha presentat al\u00b7legacions al projecte per demanar que es corregeixi la mem\u00f2ria del projecte i que s\u2019elimini el text que demana als ve\u00efns que assumeixin el 50% dels costos d\u2019execuci\u00f3 del projecte i que, per tant, siguin assumits per l\u2019Ajuntament de forma \u00edntegra. VR tamb\u00e9 ent\u00e9n que els avals retinguts per l\u2019Ajuntament al promotor s\u2019haurien d\u2019executar per tal d\u2019assumir gran part de la despesa del 50% de les obres plantejades.[\/et_pb_text][\/et_pb_column][\/et_pb_row][\/et_pb_section]<\/p>\n","protected":false},"excerpt":{"rendered":"<p>Ve\u00efns per Rub\u00ed presentar\u00e0 al\u00b7legacions al projecte, aprovat de forma inicial pel Ple municipal Ve\u00efns per Rub\u00ed (VR) ha presentat una s\u00e8rie d\u2019al\u00b7legacions a l\u2019aprovaci\u00f3 inicial del projecte arranjament de les zones verdes del Sector H (Els Nius). Es tracta d\u2019un projecte aprovat de forma inicial durant el ple d\u2019abril i que, segons recull la [&hellip;]<\/p>\n","protected":false},"author":1,"featured_media":832,"comment_status":"open","ping_status":"open","sticky":false,"template":"","format":"standard","meta":{"_et_pb_use_builder":"on","_et_pb_old_content":"","_et_gb_content_width":"","inline_featured_image":false,"footnotes":""},"categories":[17],"tags":[],"class_list":["post-997","post","type-post","status-publish","format-standard","has-post-thumbnail","hentry","category-noticies-es"],"yoast_head":"<!-- This site is optimized with the Yoast SEO plugin v18.7 - https:\/\/yoast.com\/wordpress\/plugins\/seo\/ -->\n<title>VR troba injust que els ve\u00efns d\u2019Els Nius hagin d\u2019assumir la meitat del cost de l\u2019arranjament de les zones verdes - Ve\u00efns per Rub\u00ed<\/title>\n<meta name=\"robots\" content=\"index, follow, max-snippet:-1, max-image-preview:large, max-video-preview:-1\" \/>\n<link rel=\"canonical\" href=\"https:\/\/veinsxrubi.org\/es\/vr-troba-injust-que-els-veins-dels-nius-hagin-dassumir-la-meitat-del-cost-de-larranjament-de-les-zones-verdes\/\" \/>\n<meta property=\"og:locale\" content=\"es_ES\" \/>\n<meta property=\"og:type\" content=\"article\" \/>\n<meta property=\"og:title\" content=\"VR troba injust que els ve\u00efns d\u2019Els Nius hagin d\u2019assumir la meitat del cost de l\u2019arranjament de les zones verdes - Ve\u00efns per Rub\u00ed\" \/>\n<meta property=\"og:description\" content=\"Ve\u00efns per Rub\u00ed presentar\u00e0 al\u00b7legacions al projecte, aprovat de forma inicial pel Ple municipal Ve\u00efns per Rub\u00ed (VR) ha presentat una s\u00e8rie d\u2019al\u00b7legacions a l\u2019aprovaci\u00f3 inicial del projecte arranjament de les zones verdes del Sector H (Els Nius). Es tracta d\u2019un projecte aprovat de forma inicial durant el ple d\u2019abril i que, segons recull la [&hellip;]\" \/>\n<meta property=\"og:url\" content=\"https:\/\/veinsxrubi.org\/es\/vr-troba-injust-que-els-veins-dels-nius-hagin-dassumir-la-meitat-del-cost-de-larranjament-de-les-zones-verdes\/\" \/>\n<meta property=\"og:site_name\" content=\"Ve\u00efns per Rub\u00ed\" \/>\n<meta property=\"article:published_time\" content=\"2018-06-04T09:56:32+00:00\" \/>\n<meta property=\"og:image\" content=\"https:\/\/veinsxrubi.org\/wp-content\/uploads\/2022\/04\/rubitv-28824-3-els-nius1.jpg\" \/>\n\t<meta property=\"og:image:width\" content=\"706\" \/>\n\t<meta property=\"og:image:height\" content=\"452\" \/>\n\t<meta property=\"og:image:type\" content=\"image\/jpeg\" \/>\n<meta name=\"twitter:card\" content=\"summary_large_image\" \/>\n<meta name=\"twitter:label1\" content=\"Escrito por\" \/>\n\t<meta name=\"twitter:data1\" content=\"mediatic-mc\" \/>\n\t<meta name=\"twitter:label2\" content=\"Tiempo de lectura\" \/>\n\t<meta name=\"twitter:data2\" content=\"2 minutos\" \/>\n<script type=\"application\/ld+json\" class=\"yoast-schema-graph\">{\"@context\":\"https:\/\/schema.org\",\"@graph\":[{\"@type\":\"WebSite\",\"@id\":\"https:\/\/veinsxrubi.org\/#website\",\"url\":\"https:\/\/veinsxrubi.org\/\",\"name\":\"Ve\u00efns per Rub\u00ed\",\"description\":\"\",\"potentialAction\":[{\"@type\":\"SearchAction\",\"target\":{\"@type\":\"EntryPoint\",\"urlTemplate\":\"https:\/\/veinsxrubi.org\/?s={search_term_string}\"},\"query-input\":\"required name=search_term_string\"}],\"inLanguage\":\"es\"},{\"@type\":\"ImageObject\",\"inLanguage\":\"es\",\"@id\":\"https:\/\/veinsxrubi.org\/es\/vr-troba-injust-que-els-veins-dels-nius-hagin-dassumir-la-meitat-del-cost-de-larranjament-de-les-zones-verdes\/#primaryimage\",\"url\":\"https:\/\/veinsxrubi.org\/wp-content\/uploads\/2022\/04\/rubitv-28824-3-els-nius1.jpg\",\"contentUrl\":\"https:\/\/veinsxrubi.org\/wp-content\/uploads\/2022\/04\/rubitv-28824-3-els-nius1.jpg\",\"width\":706,\"height\":452},{\"@type\":\"WebPage\",\"@id\":\"https:\/\/veinsxrubi.org\/es\/vr-troba-injust-que-els-veins-dels-nius-hagin-dassumir-la-meitat-del-cost-de-larranjament-de-les-zones-verdes\/#webpage\",\"url\":\"https:\/\/veinsxrubi.org\/es\/vr-troba-injust-que-els-veins-dels-nius-hagin-dassumir-la-meitat-del-cost-de-larranjament-de-les-zones-verdes\/\",\"name\":\"VR troba injust que els ve\u00efns d\u2019Els Nius hagin d\u2019assumir la meitat del cost de l\u2019arranjament de les zones verdes - Ve\u00efns per Rub\u00ed\",\"isPartOf\":{\"@id\":\"https:\/\/veinsxrubi.org\/#website\"},\"primaryImageOfPage\":{\"@id\":\"https:\/\/veinsxrubi.org\/es\/vr-troba-injust-que-els-veins-dels-nius-hagin-dassumir-la-meitat-del-cost-de-larranjament-de-les-zones-verdes\/#primaryimage\"},\"datePublished\":\"2018-06-04T09:56:32+00:00\",\"dateModified\":\"2018-06-04T09:56:32+00:00\",\"author\":{\"@id\":\"https:\/\/veinsxrubi.org\/#\/schema\/person\/edc38d8c6e8244476e119cd9a2520548\"},\"breadcrumb\":{\"@id\":\"https:\/\/veinsxrubi.org\/es\/vr-troba-injust-que-els-veins-dels-nius-hagin-dassumir-la-meitat-del-cost-de-larranjament-de-les-zones-verdes\/#breadcrumb\"},\"inLanguage\":\"es\",\"potentialAction\":[{\"@type\":\"ReadAction\",\"target\":[\"https:\/\/veinsxrubi.org\/es\/vr-troba-injust-que-els-veins-dels-nius-hagin-dassumir-la-meitat-del-cost-de-larranjament-de-les-zones-verdes\/\"]}]},{\"@type\":\"BreadcrumbList\",\"@id\":\"https:\/\/veinsxrubi.org\/es\/vr-troba-injust-que-els-veins-dels-nius-hagin-dassumir-la-meitat-del-cost-de-larranjament-de-les-zones-verdes\/#breadcrumb\",\"itemListElement\":[{\"@type\":\"ListItem\",\"position\":1,\"name\":\"Inici\",\"item\":\"https:\/\/veinsxrubi.org\/es\/\"},{\"@type\":\"ListItem\",\"position\":2,\"name\":\"VR troba injust que els ve\u00efns d\u2019Els Nius hagin d\u2019assumir la meitat del cost de l\u2019arranjament de les zones verdes\"}]},{\"@type\":\"Person\",\"@id\":\"https:\/\/veinsxrubi.org\/#\/schema\/person\/edc38d8c6e8244476e119cd9a2520548\",\"name\":\"mediatic-mc\",\"image\":{\"@type\":\"ImageObject\",\"inLanguage\":\"es\",\"@id\":\"https:\/\/veinsxrubi.org\/#\/schema\/person\/image\/\",\"url\":\"https:\/\/secure.gravatar.com\/avatar\/a1f421040c7275c3ff5f095a1201caa49ec29eb6567df6e7f04f9edd916fab55?s=96&d=mm&r=g\",\"contentUrl\":\"https:\/\/secure.gravatar.com\/avatar\/a1f421040c7275c3ff5f095a1201caa49ec29eb6567df6e7f04f9edd916fab55?s=96&d=mm&r=g\",\"caption\":\"mediatic-mc\"},\"sameAs\":[\"http:\/\/veinsxrubi.org\/\"],\"url\":\"https:\/\/veinsxrubi.org\/es\/author\/mediatic-mc\/\"}]}<\/script>\n<!-- \/ Yoast SEO plugin. -->","yoast_head_json":{"title":"VR troba injust que els ve\u00efns d\u2019Els Nius hagin d\u2019assumir la meitat del cost de l\u2019arranjament de les zones verdes - Ve\u00efns per Rub\u00ed","robots":{"index":"index","follow":"follow","max-snippet":"max-snippet:-1","max-image-preview":"max-image-preview:large","max-video-preview":"max-video-preview:-1"},"canonical":"https:\/\/veinsxrubi.org\/es\/vr-troba-injust-que-els-veins-dels-nius-hagin-dassumir-la-meitat-del-cost-de-larranjament-de-les-zones-verdes\/","og_locale":"es_ES","og_type":"article","og_title":"VR troba injust que els ve\u00efns d\u2019Els Nius hagin d\u2019assumir la meitat del cost de l\u2019arranjament de les zones verdes - Ve\u00efns per Rub\u00ed","og_description":"Ve\u00efns per Rub\u00ed presentar\u00e0 al\u00b7legacions al projecte, aprovat de forma inicial pel Ple municipal Ve\u00efns per Rub\u00ed (VR) ha presentat una s\u00e8rie d\u2019al\u00b7legacions a l\u2019aprovaci\u00f3 inicial del projecte arranjament de les zones verdes del Sector H (Els Nius). Es tracta d\u2019un projecte aprovat de forma inicial durant el ple d\u2019abril i que, segons recull la [&hellip;]","og_url":"https:\/\/veinsxrubi.org\/es\/vr-troba-injust-que-els-veins-dels-nius-hagin-dassumir-la-meitat-del-cost-de-larranjament-de-les-zones-verdes\/","og_site_name":"Ve\u00efns per Rub\u00ed","article_published_time":"2018-06-04T09:56:32+00:00","og_image":[{"width":706,"height":452,"url":"https:\/\/veinsxrubi.org\/wp-content\/uploads\/2022\/04\/rubitv-28824-3-els-nius1.jpg","type":"image\/jpeg"}],"twitter_card":"summary_large_image","twitter_misc":{"Escrito por":"mediatic-mc","Tiempo de lectura":"2 minutos"},"schema":{"@context":"https:\/\/schema.org","@graph":[{"@type":"WebSite","@id":"https:\/\/veinsxrubi.org\/#website","url":"https:\/\/veinsxrubi.org\/","name":"Ve\u00efns per Rub\u00ed","description":"","potentialAction":[{"@type":"SearchAction","target":{"@type":"EntryPoint","urlTemplate":"https:\/\/veinsxrubi.org\/?s={search_term_string}"},"query-input":"required name=search_term_string"}],"inLanguage":"es"},{"@type":"ImageObject","inLanguage":"es","@id":"https:\/\/veinsxrubi.org\/es\/vr-troba-injust-que-els-veins-dels-nius-hagin-dassumir-la-meitat-del-cost-de-larranjament-de-les-zones-verdes\/#primaryimage","url":"https:\/\/veinsxrubi.org\/wp-content\/uploads\/2022\/04\/rubitv-28824-3-els-nius1.jpg","contentUrl":"https:\/\/veinsxrubi.org\/wp-content\/uploads\/2022\/04\/rubitv-28824-3-els-nius1.jpg","width":706,"height":452},{"@type":"WebPage","@id":"https:\/\/veinsxrubi.org\/es\/vr-troba-injust-que-els-veins-dels-nius-hagin-dassumir-la-meitat-del-cost-de-larranjament-de-les-zones-verdes\/#webpage","url":"https:\/\/veinsxrubi.org\/es\/vr-troba-injust-que-els-veins-dels-nius-hagin-dassumir-la-meitat-del-cost-de-larranjament-de-les-zones-verdes\/","name":"VR troba injust que els ve\u00efns d\u2019Els Nius hagin d\u2019assumir la meitat del cost de l\u2019arranjament de les zones verdes - Ve\u00efns per Rub\u00ed","isPartOf":{"@id":"https:\/\/veinsxrubi.org\/#website"},"primaryImageOfPage":{"@id":"https:\/\/veinsxrubi.org\/es\/vr-troba-injust-que-els-veins-dels-nius-hagin-dassumir-la-meitat-del-cost-de-larranjament-de-les-zones-verdes\/#primaryimage"},"datePublished":"2018-06-04T09:56:32+00:00","dateModified":"2018-06-04T09:56:32+00:00","author":{"@id":"https:\/\/veinsxrubi.org\/#\/schema\/person\/edc38d8c6e8244476e119cd9a2520548"},"breadcrumb":{"@id":"https:\/\/veinsxrubi.org\/es\/vr-troba-injust-que-els-veins-dels-nius-hagin-dassumir-la-meitat-del-cost-de-larranjament-de-les-zones-verdes\/#breadcrumb"},"inLanguage":"es","potentialAction":[{"@type":"ReadAction","target":["https:\/\/veinsxrubi.org\/es\/vr-troba-injust-que-els-veins-dels-nius-hagin-dassumir-la-meitat-del-cost-de-larranjament-de-les-zones-verdes\/"]}]},{"@type":"BreadcrumbList","@id":"https:\/\/veinsxrubi.org\/es\/vr-troba-injust-que-els-veins-dels-nius-hagin-dassumir-la-meitat-del-cost-de-larranjament-de-les-zones-verdes\/#breadcrumb","itemListElement":[{"@type":"ListItem","position":1,"name":"Inici","item":"https:\/\/veinsxrubi.org\/es\/"},{"@type":"ListItem","position":2,"name":"VR troba injust que els ve\u00efns d\u2019Els Nius hagin d\u2019assumir la meitat del cost de l\u2019arranjament de les zones verdes"}]},{"@type":"Person","@id":"https:\/\/veinsxrubi.org\/#\/schema\/person\/edc38d8c6e8244476e119cd9a2520548","name":"mediatic-mc","image":{"@type":"ImageObject","inLanguage":"es","@id":"https:\/\/veinsxrubi.org\/#\/schema\/person\/image\/","url":"https:\/\/secure.gravatar.com\/avatar\/a1f421040c7275c3ff5f095a1201caa49ec29eb6567df6e7f04f9edd916fab55?s=96&d=mm&r=g","contentUrl":"https:\/\/secure.gravatar.com\/avatar\/a1f421040c7275c3ff5f095a1201caa49ec29eb6567df6e7f04f9edd916fab55?s=96&d=mm&r=g","caption":"mediatic-mc"},"sameAs":["http:\/\/veinsxrubi.org\/"],"url":"https:\/\/veinsxrubi.org\/es\/author\/mediatic-mc\/"}]}},"_links":{"self":[{"href":"https:\/\/veinsxrubi.org\/es\/wp-json\/wp\/v2\/posts\/997","targetHints":{"allow":["GET"]}}],"collection":[{"href":"https:\/\/veinsxrubi.org\/es\/wp-json\/wp\/v2\/posts"}],"about":[{"href":"https:\/\/veinsxrubi.org\/es\/wp-json\/wp\/v2\/types\/post"}],"author":[{"embeddable":true,"href":"https:\/\/veinsxrubi.org\/es\/wp-json\/wp\/v2\/users\/1"}],"replies":[{"embeddable":true,"href":"https:\/\/veinsxrubi.org\/es\/wp-json\/wp\/v2\/comments?post=997"}],"version-history":[{"count":0,"href":"https:\/\/veinsxrubi.org\/es\/wp-json\/wp\/v2\/posts\/997\/revisions"}],"wp:featuredmedia":[{"embeddable":true,"href":"https:\/\/veinsxrubi.org\/es\/wp-json\/wp\/v2\/media\/832"}],"wp:attachment":[{"href":"https:\/\/veinsxrubi.org\/es\/wp-json\/wp\/v2\/media?parent=997"}],"wp:term":[{"taxonomy":"category","embeddable":true,"href":"https:\/\/veinsxrubi.org\/es\/wp-json\/wp\/v2\/categories?post=997"},{"taxonomy":"post_tag","embeddable":true,"href":"https:\/\/veinsxrubi.org\/es\/wp-json\/wp\/v2\/tags?post=997"}],"curies":[{"name":"wp","href":"https:\/\/api.w.org\/{rel}","templated":true}]}}