{"id":995,"date":"2018-07-05T09:51:40","date_gmt":"2018-07-05T09:51:40","guid":{"rendered":"http:\/\/veinsxrubi.org\/vr-proposara-al-ple-que-es-crei-un-protocol-contra-les-accions-inciviques-de-conductors\/"},"modified":"2018-07-05T09:51:40","modified_gmt":"2018-07-05T09:51:40","slug":"vr-proposara-al-ple-que-es-crei-un-protocol-contra-les-accions-inciviques-de-conductors","status":"publish","type":"post","link":"https:\/\/veinsxrubi.org\/es\/vr-proposara-al-ple-que-es-crei-un-protocol-contra-les-accions-inciviques-de-conductors\/","title":{"rendered":"VR proposar\u00e0 al ple que es cre\u00ef un protocol contra les accions inc\u00edviques de conductors"},"content":{"rendered":"<p>[et_pb_section fb_built=\u00bb1&#8243; theme_builder_area=\u00bbpost_content\u00bb _builder_version=\u00bb4.17.0&#8243; _module_preset=\u00bbdefault\u00bb][et_pb_row _builder_version=\u00bb4.17.0&#8243; _module_preset=\u00bbdefault\u00bb theme_builder_area=\u00bbpost_content\u00bb][et_pb_column _builder_version=\u00bb4.17.0&#8243; _module_preset=\u00bbdefault\u00bb type=\u00bb4_4&#8243; theme_builder_area=\u00bbpost_content\u00bb][et_pb_text _builder_version=\u00bb4.17.0&#8243; _module_preset=\u00bbdefault\u00bb theme_builder_area=\u00bbpost_content\u00bb text_font=\u00bbHenjuBold|700|||||||\u00bb text_font_size=\u00bb14pt\u00bb text_line_height=\u00bb21pt\u00bb hover_enabled=\u00bb0&#8243; sticky_enabled=\u00bb0&#8243;]La formaci\u00f3 portar\u00e0 una moci\u00f3 al ple de juliol, que es far\u00e0 el dia 19, que vol combatre la invasi\u00f3 de zones de vianants per cotxes mal aparcats. El portaveu de VR, Toni Garc\u00eda, explica que cal fer campanya de conscienciaci\u00f3, accions policials dissuas\u00f2ries i augmentar el nombre de places d\u2019aparcament.<\/p>\n<p>[\/et_pb_text][et_pb_text _builder_version=\u00bb4.17.0&#8243; _module_preset=\u00bbdefault\u00bb theme_builder_area=\u00bbpost_content\u00bb text_font=\u00bbHenjuLight||||||||\u00bb text_font_size=\u00bb14pt\u00bb text_line_height=\u00bb21pt\u00bb hover_enabled=\u00bb0&#8243; sticky_enabled=\u00bb0&#8243;]Ve\u00efns assegura que cada cop \u00e9s m\u00e9s habitual que alguns conductors estacionin o parin els seus vehicles en passos de vianants, zones de carrega i desc\u00e0rrega o voreres estretes. Segons el portaveu de la formaci\u00f3, Toni Garc\u00eda, aquest problema t\u00e9 a veure amb la falta de planificaci\u00f3 urban\u00edstica que ha tingut la ciutat en les darreres d\u00e8cades. Garc\u00eda assegura que la majoria d\u2019edificis antics no tenen p\u00e0rquings soterrats i que en els darrers temps no s\u2019han creat prou zones d\u2019aparcament. A m\u00e9s, amb la desaparici\u00f3 d\u2019algunes places d\u2019estacionament per la vianitzaci\u00f3 del centre el problema s\u2019ha agreujat.  Amb tot, el portaveu de Ve\u00efns creu que \u00e9s inadmissible que els cotxes envaeixin l\u2019espai dedicat als vianants. Aix\u00f2 a banda de complicar el dia a dia de vianants, persones amb cadira de rodes o cotxes infantils tamb\u00e9 \u201c\u00e9s un greuge comparatiu amb els conductors que fan l\u2019esfor\u00e7 d\u2019aparcar lluny de casa o el seu lloc de dest\u00ed per\u00f2 de forma correcta\u201d<\/p>\n<p>La proposta de la formaci\u00f3 pol\u00edtica passa per fer un protocol d\u2019actuaci\u00f3 per fer complir l\u2019Ordenan\u00e7a de Circulaci\u00f3, establir accions de car\u00e0cter dissuasori per part de la policia local i si cal instal\u00b7lar elements f\u00edsics que impedeixin aparcar malament. A la seva proposta Ve\u00efns tamb\u00e9 explica que les zones de c\u00e0rrega i desc\u00e0rrega no s\u2019utilitzen de forma adequada, se supera el temps perm\u00e8s i aix\u00f2 fa que alguns conductors que la poden fer servir es vegin obligats a estacionar a sobre de la vorera. Respecte a aquest problema, Ve\u00efns proposa fer un control electr\u00f2nic per garantir que no se superen els 30 minuts.[\/et_pb_text][\/et_pb_column][\/et_pb_row][\/et_pb_section]<\/p>\n","protected":false},"excerpt":{"rendered":"<p>La formaci\u00f3 portar\u00e0 una moci\u00f3 al ple de juliol, que es far\u00e0 el dia 19, que vol combatre la invasi\u00f3 de zones de vianants per cotxes mal aparcats. El portaveu de VR, Toni Garc\u00eda, explica que cal fer campanya de conscienciaci\u00f3, accions policials dissuas\u00f2ries i augmentar el nombre de places d\u2019aparcament. Ve\u00efns assegura que cada [&hellip;]<\/p>\n","protected":false},"author":1,"featured_media":831,"comment_status":"open","ping_status":"open","sticky":false,"template":"","format":"standard","meta":{"_et_pb_use_builder":"on","_et_pb_old_content":"","_et_gb_content_width":"","inline_featured_image":false,"footnotes":""},"categories":[17],"tags":[],"class_list":["post-995","post","type-post","status-publish","format-standard","has-post-thumbnail","hentry","category-noticies-es"],"yoast_head":"<!-- This site is optimized with the Yoast SEO plugin v18.7 - https:\/\/yoast.com\/wordpress\/plugins\/seo\/ -->\n<title>VR proposar\u00e0 al ple que es cre\u00ef un protocol contra les accions inc\u00edviques de conductors - Ve\u00efns per Rub\u00ed<\/title>\n<meta name=\"robots\" content=\"index, follow, max-snippet:-1, max-image-preview:large, max-video-preview:-1\" \/>\n<link rel=\"canonical\" href=\"https:\/\/veinsxrubi.org\/es\/vr-proposara-al-ple-que-es-crei-un-protocol-contra-les-accions-inciviques-de-conductors\/\" \/>\n<meta property=\"og:locale\" content=\"es_ES\" \/>\n<meta property=\"og:type\" content=\"article\" \/>\n<meta property=\"og:title\" content=\"VR proposar\u00e0 al ple que es cre\u00ef un protocol contra les accions inc\u00edviques de conductors - Ve\u00efns per Rub\u00ed\" \/>\n<meta property=\"og:description\" content=\"La formaci\u00f3 portar\u00e0 una moci\u00f3 al ple de juliol, que es far\u00e0 el dia 19, que vol combatre la invasi\u00f3 de zones de vianants per cotxes mal aparcats. El portaveu de VR, Toni Garc\u00eda, explica que cal fer campanya de conscienciaci\u00f3, accions policials dissuas\u00f2ries i augmentar el nombre de places d\u2019aparcament. Ve\u00efns assegura que cada [&hellip;]\" \/>\n<meta property=\"og:url\" content=\"https:\/\/veinsxrubi.org\/es\/vr-proposara-al-ple-que-es-crei-un-protocol-contra-les-accions-inciviques-de-conductors\/\" \/>\n<meta property=\"og:site_name\" content=\"Ve\u00efns per Rub\u00ed\" \/>\n<meta property=\"article:published_time\" content=\"2018-07-05T09:51:40+00:00\" \/>\n<meta property=\"og:image\" content=\"https:\/\/veinsxrubi.org\/wp-content\/uploads\/2022\/04\/IMG-20180510-WA0024.jpg\" \/>\n\t<meta property=\"og:image:width\" content=\"706\" \/>\n\t<meta property=\"og:image:height\" content=\"452\" \/>\n\t<meta property=\"og:image:type\" content=\"image\/jpeg\" \/>\n<meta name=\"twitter:card\" content=\"summary_large_image\" \/>\n<meta name=\"twitter:label1\" content=\"Escrito por\" \/>\n\t<meta name=\"twitter:data1\" content=\"mediatic-mc\" \/>\n\t<meta name=\"twitter:label2\" content=\"Tiempo de lectura\" \/>\n\t<meta name=\"twitter:data2\" content=\"2 minutos\" \/>\n<script type=\"application\/ld+json\" class=\"yoast-schema-graph\">{\"@context\":\"https:\/\/schema.org\",\"@graph\":[{\"@type\":\"WebSite\",\"@id\":\"https:\/\/veinsxrubi.org\/#website\",\"url\":\"https:\/\/veinsxrubi.org\/\",\"name\":\"Ve\u00efns per Rub\u00ed\",\"description\":\"\",\"potentialAction\":[{\"@type\":\"SearchAction\",\"target\":{\"@type\":\"EntryPoint\",\"urlTemplate\":\"https:\/\/veinsxrubi.org\/?s={search_term_string}\"},\"query-input\":\"required name=search_term_string\"}],\"inLanguage\":\"es\"},{\"@type\":\"ImageObject\",\"inLanguage\":\"es\",\"@id\":\"https:\/\/veinsxrubi.org\/es\/vr-proposara-al-ple-que-es-crei-un-protocol-contra-les-accions-inciviques-de-conductors\/#primaryimage\",\"url\":\"https:\/\/veinsxrubi.org\/wp-content\/uploads\/2022\/04\/IMG-20180510-WA0024.jpg\",\"contentUrl\":\"https:\/\/veinsxrubi.org\/wp-content\/uploads\/2022\/04\/IMG-20180510-WA0024.jpg\",\"width\":706,\"height\":452},{\"@type\":\"WebPage\",\"@id\":\"https:\/\/veinsxrubi.org\/es\/vr-proposara-al-ple-que-es-crei-un-protocol-contra-les-accions-inciviques-de-conductors\/#webpage\",\"url\":\"https:\/\/veinsxrubi.org\/es\/vr-proposara-al-ple-que-es-crei-un-protocol-contra-les-accions-inciviques-de-conductors\/\",\"name\":\"VR proposar\u00e0 al ple que es cre\u00ef un protocol contra les accions inc\u00edviques de conductors - Ve\u00efns per Rub\u00ed\",\"isPartOf\":{\"@id\":\"https:\/\/veinsxrubi.org\/#website\"},\"primaryImageOfPage\":{\"@id\":\"https:\/\/veinsxrubi.org\/es\/vr-proposara-al-ple-que-es-crei-un-protocol-contra-les-accions-inciviques-de-conductors\/#primaryimage\"},\"datePublished\":\"2018-07-05T09:51:40+00:00\",\"dateModified\":\"2018-07-05T09:51:40+00:00\",\"author\":{\"@id\":\"https:\/\/veinsxrubi.org\/#\/schema\/person\/edc38d8c6e8244476e119cd9a2520548\"},\"breadcrumb\":{\"@id\":\"https:\/\/veinsxrubi.org\/es\/vr-proposara-al-ple-que-es-crei-un-protocol-contra-les-accions-inciviques-de-conductors\/#breadcrumb\"},\"inLanguage\":\"es\",\"potentialAction\":[{\"@type\":\"ReadAction\",\"target\":[\"https:\/\/veinsxrubi.org\/es\/vr-proposara-al-ple-que-es-crei-un-protocol-contra-les-accions-inciviques-de-conductors\/\"]}]},{\"@type\":\"BreadcrumbList\",\"@id\":\"https:\/\/veinsxrubi.org\/es\/vr-proposara-al-ple-que-es-crei-un-protocol-contra-les-accions-inciviques-de-conductors\/#breadcrumb\",\"itemListElement\":[{\"@type\":\"ListItem\",\"position\":1,\"name\":\"Inici\",\"item\":\"https:\/\/veinsxrubi.org\/es\/\"},{\"@type\":\"ListItem\",\"position\":2,\"name\":\"VR proposar\u00e0 al ple que es cre\u00ef un protocol contra les accions inc\u00edviques de conductors\"}]},{\"@type\":\"Person\",\"@id\":\"https:\/\/veinsxrubi.org\/#\/schema\/person\/edc38d8c6e8244476e119cd9a2520548\",\"name\":\"mediatic-mc\",\"image\":{\"@type\":\"ImageObject\",\"inLanguage\":\"es\",\"@id\":\"https:\/\/veinsxrubi.org\/#\/schema\/person\/image\/\",\"url\":\"https:\/\/secure.gravatar.com\/avatar\/a1f421040c7275c3ff5f095a1201caa49ec29eb6567df6e7f04f9edd916fab55?s=96&d=mm&r=g\",\"contentUrl\":\"https:\/\/secure.gravatar.com\/avatar\/a1f421040c7275c3ff5f095a1201caa49ec29eb6567df6e7f04f9edd916fab55?s=96&d=mm&r=g\",\"caption\":\"mediatic-mc\"},\"sameAs\":[\"http:\/\/veinsxrubi.org\/\"],\"url\":\"https:\/\/veinsxrubi.org\/es\/author\/mediatic-mc\/\"}]}<\/script>\n<!-- \/ Yoast SEO plugin. -->","yoast_head_json":{"title":"VR proposar\u00e0 al ple que es cre\u00ef un protocol contra les accions inc\u00edviques de conductors - Ve\u00efns per Rub\u00ed","robots":{"index":"index","follow":"follow","max-snippet":"max-snippet:-1","max-image-preview":"max-image-preview:large","max-video-preview":"max-video-preview:-1"},"canonical":"https:\/\/veinsxrubi.org\/es\/vr-proposara-al-ple-que-es-crei-un-protocol-contra-les-accions-inciviques-de-conductors\/","og_locale":"es_ES","og_type":"article","og_title":"VR proposar\u00e0 al ple que es cre\u00ef un protocol contra les accions inc\u00edviques de conductors - Ve\u00efns per Rub\u00ed","og_description":"La formaci\u00f3 portar\u00e0 una moci\u00f3 al ple de juliol, que es far\u00e0 el dia 19, que vol combatre la invasi\u00f3 de zones de vianants per cotxes mal aparcats. El portaveu de VR, Toni Garc\u00eda, explica que cal fer campanya de conscienciaci\u00f3, accions policials dissuas\u00f2ries i augmentar el nombre de places d\u2019aparcament. Ve\u00efns assegura que cada [&hellip;]","og_url":"https:\/\/veinsxrubi.org\/es\/vr-proposara-al-ple-que-es-crei-un-protocol-contra-les-accions-inciviques-de-conductors\/","og_site_name":"Ve\u00efns per Rub\u00ed","article_published_time":"2018-07-05T09:51:40+00:00","og_image":[{"width":706,"height":452,"url":"https:\/\/veinsxrubi.org\/wp-content\/uploads\/2022\/04\/IMG-20180510-WA0024.jpg","type":"image\/jpeg"}],"twitter_card":"summary_large_image","twitter_misc":{"Escrito por":"mediatic-mc","Tiempo de lectura":"2 minutos"},"schema":{"@context":"https:\/\/schema.org","@graph":[{"@type":"WebSite","@id":"https:\/\/veinsxrubi.org\/#website","url":"https:\/\/veinsxrubi.org\/","name":"Ve\u00efns per Rub\u00ed","description":"","potentialAction":[{"@type":"SearchAction","target":{"@type":"EntryPoint","urlTemplate":"https:\/\/veinsxrubi.org\/?s={search_term_string}"},"query-input":"required name=search_term_string"}],"inLanguage":"es"},{"@type":"ImageObject","inLanguage":"es","@id":"https:\/\/veinsxrubi.org\/es\/vr-proposara-al-ple-que-es-crei-un-protocol-contra-les-accions-inciviques-de-conductors\/#primaryimage","url":"https:\/\/veinsxrubi.org\/wp-content\/uploads\/2022\/04\/IMG-20180510-WA0024.jpg","contentUrl":"https:\/\/veinsxrubi.org\/wp-content\/uploads\/2022\/04\/IMG-20180510-WA0024.jpg","width":706,"height":452},{"@type":"WebPage","@id":"https:\/\/veinsxrubi.org\/es\/vr-proposara-al-ple-que-es-crei-un-protocol-contra-les-accions-inciviques-de-conductors\/#webpage","url":"https:\/\/veinsxrubi.org\/es\/vr-proposara-al-ple-que-es-crei-un-protocol-contra-les-accions-inciviques-de-conductors\/","name":"VR proposar\u00e0 al ple que es cre\u00ef un protocol contra les accions inc\u00edviques de conductors - Ve\u00efns per Rub\u00ed","isPartOf":{"@id":"https:\/\/veinsxrubi.org\/#website"},"primaryImageOfPage":{"@id":"https:\/\/veinsxrubi.org\/es\/vr-proposara-al-ple-que-es-crei-un-protocol-contra-les-accions-inciviques-de-conductors\/#primaryimage"},"datePublished":"2018-07-05T09:51:40+00:00","dateModified":"2018-07-05T09:51:40+00:00","author":{"@id":"https:\/\/veinsxrubi.org\/#\/schema\/person\/edc38d8c6e8244476e119cd9a2520548"},"breadcrumb":{"@id":"https:\/\/veinsxrubi.org\/es\/vr-proposara-al-ple-que-es-crei-un-protocol-contra-les-accions-inciviques-de-conductors\/#breadcrumb"},"inLanguage":"es","potentialAction":[{"@type":"ReadAction","target":["https:\/\/veinsxrubi.org\/es\/vr-proposara-al-ple-que-es-crei-un-protocol-contra-les-accions-inciviques-de-conductors\/"]}]},{"@type":"BreadcrumbList","@id":"https:\/\/veinsxrubi.org\/es\/vr-proposara-al-ple-que-es-crei-un-protocol-contra-les-accions-inciviques-de-conductors\/#breadcrumb","itemListElement":[{"@type":"ListItem","position":1,"name":"Inici","item":"https:\/\/veinsxrubi.org\/es\/"},{"@type":"ListItem","position":2,"name":"VR proposar\u00e0 al ple que es cre\u00ef un protocol contra les accions inc\u00edviques de conductors"}]},{"@type":"Person","@id":"https:\/\/veinsxrubi.org\/#\/schema\/person\/edc38d8c6e8244476e119cd9a2520548","name":"mediatic-mc","image":{"@type":"ImageObject","inLanguage":"es","@id":"https:\/\/veinsxrubi.org\/#\/schema\/person\/image\/","url":"https:\/\/secure.gravatar.com\/avatar\/a1f421040c7275c3ff5f095a1201caa49ec29eb6567df6e7f04f9edd916fab55?s=96&d=mm&r=g","contentUrl":"https:\/\/secure.gravatar.com\/avatar\/a1f421040c7275c3ff5f095a1201caa49ec29eb6567df6e7f04f9edd916fab55?s=96&d=mm&r=g","caption":"mediatic-mc"},"sameAs":["http:\/\/veinsxrubi.org\/"],"url":"https:\/\/veinsxrubi.org\/es\/author\/mediatic-mc\/"}]}},"_links":{"self":[{"href":"https:\/\/veinsxrubi.org\/es\/wp-json\/wp\/v2\/posts\/995","targetHints":{"allow":["GET"]}}],"collection":[{"href":"https:\/\/veinsxrubi.org\/es\/wp-json\/wp\/v2\/posts"}],"about":[{"href":"https:\/\/veinsxrubi.org\/es\/wp-json\/wp\/v2\/types\/post"}],"author":[{"embeddable":true,"href":"https:\/\/veinsxrubi.org\/es\/wp-json\/wp\/v2\/users\/1"}],"replies":[{"embeddable":true,"href":"https:\/\/veinsxrubi.org\/es\/wp-json\/wp\/v2\/comments?post=995"}],"version-history":[{"count":0,"href":"https:\/\/veinsxrubi.org\/es\/wp-json\/wp\/v2\/posts\/995\/revisions"}],"wp:featuredmedia":[{"embeddable":true,"href":"https:\/\/veinsxrubi.org\/es\/wp-json\/wp\/v2\/media\/831"}],"wp:attachment":[{"href":"https:\/\/veinsxrubi.org\/es\/wp-json\/wp\/v2\/media?parent=995"}],"wp:term":[{"taxonomy":"category","embeddable":true,"href":"https:\/\/veinsxrubi.org\/es\/wp-json\/wp\/v2\/categories?post=995"},{"taxonomy":"post_tag","embeddable":true,"href":"https:\/\/veinsxrubi.org\/es\/wp-json\/wp\/v2\/tags?post=995"}],"curies":[{"name":"wp","href":"https:\/\/api.w.org\/{rel}","templated":true}]}}