{"id":993,"date":"2018-10-10T10:54:03","date_gmt":"2018-10-10T10:54:03","guid":{"rendered":"http:\/\/veinsxrubi.org\/veins-per-rubi-analitza-els-resultats-de-la-consulta-ciutadana-sobre-el-parc-de-ca-noriol\/"},"modified":"2018-10-10T10:54:03","modified_gmt":"2018-10-10T10:54:03","slug":"veins-per-rubi-analitza-els-resultats-de-la-consulta-ciutadana-sobre-el-parc-de-ca-noriol","status":"publish","type":"post","link":"https:\/\/veinsxrubi.org\/es\/veins-per-rubi-analitza-els-resultats-de-la-consulta-ciutadana-sobre-el-parc-de-ca-noriol\/","title":{"rendered":"Ve\u00efns per Rub\u00ed analitza els resultats de la consulta ciutadana sobre el Parc de Ca n\u2019Oriol"},"content":{"rendered":"<p>[et_pb_section fb_built=\u00bb1&#8243; theme_builder_area=\u00bbpost_content\u00bb _builder_version=\u00bb4.17.0&#8243; _module_preset=\u00bbdefault\u00bb][et_pb_row _builder_version=\u00bb4.17.0&#8243; _module_preset=\u00bbdefault\u00bb theme_builder_area=\u00bbpost_content\u00bb][et_pb_column _builder_version=\u00bb4.17.0&#8243; _module_preset=\u00bbdefault\u00bb type=\u00bb4_4&#8243; theme_builder_area=\u00bbpost_content\u00bb][et_pb_text _builder_version=\u00bb4.17.0&#8243; _module_preset=\u00bbdefault\u00bb theme_builder_area=\u00bbpost_content\u00bb text_font=\u00bbHenjuLight|300|||||||\u00bb text_font_size=\u00bb14pt\u00bb text_line_height=\u00bb21pt\u00bb text_text_color=\u00bb#3a3a3a\u00bb link_text_color=\u00bb#3a3a3a\u00bb hover_enabled=\u00bb0&#8243; sticky_enabled=\u00bb0&#8243;]<\/p>\n<p>El passat dimecres es va oferir a l\u2019Ateneu Municipal una sessi\u00f3 informativa oberta a tothom que pogu\u00e9s estar interessat en els resultats de l\u2019enquesta ciutadana envers el projecte de remodelaci\u00f3 del parc de Ca n\u2019Oriol.<\/p>\n<p>Com no podia ser d\u2019una altra manera, Ve\u00efns per Rub\u00ed va assistir-hi a aquesta sessi\u00f3. De sobra \u00e9s conegut l\u2019inter\u00e8s de VR per a aquest projecte del qual ja hem donat en moltes ocasions la nostra opini\u00f3 respecte a quina hauria de ser l\u2019actuaci\u00f3 a dur a terme en el que nosaltres considerem com el nostre pulm\u00f3 natural.<\/p>\n<p>No volem analitzar profundament els resultats mostrats, ja que tota la informaci\u00f3 est\u00e0 disponible per a ser consultada en la web de participaci\u00f3 on, aprofitem per a convidar-vos i animar-vos a tots i a totes a aportar la vostra proposta per al Parc de Ca n\u2019Oriol (https:\/\/participa.rubi.cat). Per\u00f2 s\u00ed que volem deixar una reflexi\u00f3 p\u00fablica un cop finalitzada aquesta fase de consulta ciutadana.<\/p>\n<p>En primer lloc, volem expressar la nostra satisfacci\u00f3 en veure que la l\u00ednia dels resultats obtinguts coincideix majorit\u00e0riament amb l\u2019opini\u00f3 expressada en diverses ocasions per Ve\u00efns per Rub\u00ed. No ens oblidem que el govern municipal, amb el suport de Ciudadanos i Partido Popular, havien presentat un projecte de parc amb una inversi\u00f3 projectada per una primera fase de 4 milions d\u2019euros.<br \/>No cal dir que, des del nostre punt de vista, una inversi\u00f3 tan desmesurada sempre ha de tenir consist\u00e8ncia en una necessitat o en una petici\u00f3 popular massiva que la justifiqui, ja que parlem aproximadament d\u2019un 5% del pressupost anual d\u2019un ajuntament com el nostre, i una partida que ens permetria dur a terme moltes actuacions necess\u00e0ries.<\/p>\n<p>Un 82% dels enquestats van dir sentir-se satisfets o molt satisfets amb el parc actual i nom\u00e9s un 10 per cent afirmava creure que el parc necessita una reforma general. B\u00e9, nom\u00e9s aquesta dada deixa m\u00e9s que evident la manca de justificaci\u00f3 per una inversi\u00f3 com aquesta.<\/p>\n<p>Una altra dada important que es despr\u00e8n d\u2019aquesta consulta ciutadana \u00e9s respecte a l\u2019\u00fas que els rubinencs donem al parc.<\/p>\n<p>De nou m\u00e9s d\u2019un 80 per cent dels enquestats afirma fer-ho servir per passejar (amb mascota o sense) o sortir a c\u00f3rrer. D\u2019aquesta dada es pot despendre de nou la necessitat de refor\u00e7ar m\u00e9s l\u2019espai natural amb passejos i ombra que no pas grans estructures de pistes amb material artificial.<\/p>\n<p>De nou els resultats mostren un nou punt de coincid\u00e8ncia: la necessitat de treure aquells tres carrers que s\u2019havien constru\u00eft en un intent fallit (per sort) d\u2019urbanitzar el parc que va fer l\u2019anterior govern d\u2019ICV i que han deixat aquest rastre de ciment totalment fora de lloc i que tots coneixem com la \u201cbombonera\u201d. Aquesta zona, que actualment no podem considerar com a terreny natural, \u00e9s on est\u00e0 obert el debat sobre qu\u00e8 fer all\u00e0: nosaltres per descomptat tamb\u00e9 estem oberts a aquest debat tot i que la nostra aposta seria la de revertir les obres i tornar aquest terreny a l\u2019espai agrari.<\/p>\n<p>Tamb\u00e9 la nostra aposta per afegir m\u00e9s mobiliari urb\u00e0 (d\u2019acord amb la tipologia de parc amb seients de fusta o un altre material natural), m\u00e9s retolaci\u00f3 amb informaci\u00f3 del parc o per indicar la nostra posici\u00f3 o uns WC tamb\u00e9 es pot extreure de la consulta feta als rubinencs.<\/p>\n<p>Sembla que ens trobem en un moment de la hist\u00f2ria on tot sembla que hagi de ser intervingut, modernitzat, actualitzat o projectat, per\u00f2 ens oblidem que de vegades la gent tamb\u00e9 necessita tenir una connexi\u00f3 amb la hist\u00f2ria, amb la natura i amb la tradici\u00f3. El parc de Ca n\u2019Oriol est\u00e0 ple de viv\u00e8ncies i molt carregat emotivament per part de tots els rubinencs i rubinenques. Ens fa molta pena sentir les paraules del regidor Rafael G\u00fceto acusant l\u2019oposici\u00f3 de voler aturar la ciutat.<\/p>\n<p>El que ell considera una aturada, Ve\u00efns per Rub\u00ed ho considera una oportunitat d\u2019escoltar a tots els rubinencs, i si hem de fer una reforma del parc, que sigui la que tots els rubinencs volem i necessitem, no una qualsevol que ens hipotequi de per vida i nom\u00e9s serveixi perqu\u00e8 l\u2019alcalde o alcaldessa de torn es pugui fer una foto en la inauguraci\u00f3 d\u2019un parc personalista que ning\u00fa ha reclamat.<\/p>\n<p><a href=\"http:\/\/www.diariderubi.com\/noticia.php?i=32393&amp;k=veins-per-rubi-analitza-resultats-consulta-ciutadana-sobre-parc-ca-noriol-diarirubi\" target=\"_blank\" rel=\"noopener\">ENLLA\u00c7: DIARI DE RUB\u00cd<\/a><\/p>\n<p>[\/et_pb_text][\/et_pb_column][\/et_pb_row][\/et_pb_section]<\/p>\n","protected":false},"excerpt":{"rendered":"<p>El passat dimecres es va oferir a l\u2019Ateneu Municipal una sessi\u00f3 informativa oberta a tothom que pogu\u00e9s estar interessat en els resultats de l\u2019enquesta ciutadana envers el projecte de remodelaci\u00f3 del parc de Ca n\u2019Oriol. Com no podia ser d\u2019una altra manera, Ve\u00efns per Rub\u00ed va assistir-hi a aquesta sessi\u00f3. De sobra \u00e9s conegut l\u2019inter\u00e8s [&hellip;]<\/p>\n","protected":false},"author":1,"featured_media":843,"comment_status":"open","ping_status":"open","sticky":false,"template":"","format":"standard","meta":{"_et_pb_use_builder":"on","_et_pb_old_content":"","_et_gb_content_width":"","inline_featured_image":false,"footnotes":""},"categories":[16],"tags":[],"class_list":["post-993","post","type-post","status-publish","format-standard","has-post-thumbnail","hentry","category-articles-es"],"yoast_head":"<!-- This site is optimized with the Yoast SEO plugin v18.7 - https:\/\/yoast.com\/wordpress\/plugins\/seo\/ -->\n<title>Ve\u00efns per Rub\u00ed analitza els resultats de la consulta ciutadana sobre el Parc de Ca n\u2019Oriol - Ve\u00efns per Rub\u00ed<\/title>\n<meta name=\"robots\" content=\"index, follow, max-snippet:-1, max-image-preview:large, max-video-preview:-1\" \/>\n<link rel=\"canonical\" href=\"https:\/\/veinsxrubi.org\/es\/veins-per-rubi-analitza-els-resultats-de-la-consulta-ciutadana-sobre-el-parc-de-ca-noriol\/\" \/>\n<meta property=\"og:locale\" content=\"es_ES\" \/>\n<meta property=\"og:type\" content=\"article\" \/>\n<meta property=\"og:title\" content=\"Ve\u00efns per Rub\u00ed analitza els resultats de la consulta ciutadana sobre el Parc de Ca n\u2019Oriol - Ve\u00efns per Rub\u00ed\" \/>\n<meta property=\"og:description\" content=\"El passat dimecres es va oferir a l\u2019Ateneu Municipal una sessi\u00f3 informativa oberta a tothom que pogu\u00e9s estar interessat en els resultats de l\u2019enquesta ciutadana envers el projecte de remodelaci\u00f3 del parc de Ca n\u2019Oriol. Com no podia ser d\u2019una altra manera, Ve\u00efns per Rub\u00ed va assistir-hi a aquesta sessi\u00f3. De sobra \u00e9s conegut l\u2019inter\u00e8s [&hellip;]\" \/>\n<meta property=\"og:url\" content=\"https:\/\/veinsxrubi.org\/es\/veins-per-rubi-analitza-els-resultats-de-la-consulta-ciutadana-sobre-el-parc-de-ca-noriol\/\" \/>\n<meta property=\"og:site_name\" content=\"Ve\u00efns per Rub\u00ed\" \/>\n<meta property=\"article:published_time\" content=\"2018-10-10T10:54:03+00:00\" \/>\n<meta property=\"og:image\" content=\"https:\/\/veinsxrubi.org\/wp-content\/uploads\/2022\/04\/IMG-20180521-WA0089.jpg\" \/>\n\t<meta property=\"og:image:width\" content=\"706\" \/>\n\t<meta property=\"og:image:height\" content=\"452\" \/>\n\t<meta property=\"og:image:type\" content=\"image\/jpeg\" \/>\n<meta name=\"twitter:card\" content=\"summary_large_image\" \/>\n<meta name=\"twitter:label1\" content=\"Escrito por\" \/>\n\t<meta name=\"twitter:data1\" content=\"mediatic-mc\" \/>\n\t<meta name=\"twitter:label2\" content=\"Tiempo de lectura\" \/>\n\t<meta name=\"twitter:data2\" content=\"4 minutos\" \/>\n<script type=\"application\/ld+json\" class=\"yoast-schema-graph\">{\"@context\":\"https:\/\/schema.org\",\"@graph\":[{\"@type\":\"WebSite\",\"@id\":\"https:\/\/veinsxrubi.org\/#website\",\"url\":\"https:\/\/veinsxrubi.org\/\",\"name\":\"Ve\u00efns per Rub\u00ed\",\"description\":\"\",\"potentialAction\":[{\"@type\":\"SearchAction\",\"target\":{\"@type\":\"EntryPoint\",\"urlTemplate\":\"https:\/\/veinsxrubi.org\/?s={search_term_string}\"},\"query-input\":\"required name=search_term_string\"}],\"inLanguage\":\"es\"},{\"@type\":\"ImageObject\",\"inLanguage\":\"es\",\"@id\":\"https:\/\/veinsxrubi.org\/es\/veins-per-rubi-analitza-els-resultats-de-la-consulta-ciutadana-sobre-el-parc-de-ca-noriol\/#primaryimage\",\"url\":\"https:\/\/veinsxrubi.org\/wp-content\/uploads\/2022\/04\/IMG-20180521-WA0089.jpg\",\"contentUrl\":\"https:\/\/veinsxrubi.org\/wp-content\/uploads\/2022\/04\/IMG-20180521-WA0089.jpg\",\"width\":706,\"height\":452},{\"@type\":\"WebPage\",\"@id\":\"https:\/\/veinsxrubi.org\/es\/veins-per-rubi-analitza-els-resultats-de-la-consulta-ciutadana-sobre-el-parc-de-ca-noriol\/#webpage\",\"url\":\"https:\/\/veinsxrubi.org\/es\/veins-per-rubi-analitza-els-resultats-de-la-consulta-ciutadana-sobre-el-parc-de-ca-noriol\/\",\"name\":\"Ve\u00efns per Rub\u00ed analitza els resultats de la consulta ciutadana sobre el Parc de Ca n\u2019Oriol - Ve\u00efns per Rub\u00ed\",\"isPartOf\":{\"@id\":\"https:\/\/veinsxrubi.org\/#website\"},\"primaryImageOfPage\":{\"@id\":\"https:\/\/veinsxrubi.org\/es\/veins-per-rubi-analitza-els-resultats-de-la-consulta-ciutadana-sobre-el-parc-de-ca-noriol\/#primaryimage\"},\"datePublished\":\"2018-10-10T10:54:03+00:00\",\"dateModified\":\"2018-10-10T10:54:03+00:00\",\"author\":{\"@id\":\"https:\/\/veinsxrubi.org\/#\/schema\/person\/edc38d8c6e8244476e119cd9a2520548\"},\"breadcrumb\":{\"@id\":\"https:\/\/veinsxrubi.org\/es\/veins-per-rubi-analitza-els-resultats-de-la-consulta-ciutadana-sobre-el-parc-de-ca-noriol\/#breadcrumb\"},\"inLanguage\":\"es\",\"potentialAction\":[{\"@type\":\"ReadAction\",\"target\":[\"https:\/\/veinsxrubi.org\/es\/veins-per-rubi-analitza-els-resultats-de-la-consulta-ciutadana-sobre-el-parc-de-ca-noriol\/\"]}]},{\"@type\":\"BreadcrumbList\",\"@id\":\"https:\/\/veinsxrubi.org\/es\/veins-per-rubi-analitza-els-resultats-de-la-consulta-ciutadana-sobre-el-parc-de-ca-noriol\/#breadcrumb\",\"itemListElement\":[{\"@type\":\"ListItem\",\"position\":1,\"name\":\"Inici\",\"item\":\"https:\/\/veinsxrubi.org\/es\/\"},{\"@type\":\"ListItem\",\"position\":2,\"name\":\"Ve\u00efns per Rub\u00ed analitza els resultats de la consulta ciutadana sobre el Parc de Ca n\u2019Oriol\"}]},{\"@type\":\"Person\",\"@id\":\"https:\/\/veinsxrubi.org\/#\/schema\/person\/edc38d8c6e8244476e119cd9a2520548\",\"name\":\"mediatic-mc\",\"image\":{\"@type\":\"ImageObject\",\"inLanguage\":\"es\",\"@id\":\"https:\/\/veinsxrubi.org\/#\/schema\/person\/image\/\",\"url\":\"https:\/\/secure.gravatar.com\/avatar\/a1f421040c7275c3ff5f095a1201caa49ec29eb6567df6e7f04f9edd916fab55?s=96&d=mm&r=g\",\"contentUrl\":\"https:\/\/secure.gravatar.com\/avatar\/a1f421040c7275c3ff5f095a1201caa49ec29eb6567df6e7f04f9edd916fab55?s=96&d=mm&r=g\",\"caption\":\"mediatic-mc\"},\"sameAs\":[\"http:\/\/veinsxrubi.org\/\"],\"url\":\"https:\/\/veinsxrubi.org\/es\/author\/mediatic-mc\/\"}]}<\/script>\n<!-- \/ Yoast SEO plugin. -->","yoast_head_json":{"title":"Ve\u00efns per Rub\u00ed analitza els resultats de la consulta ciutadana sobre el Parc de Ca n\u2019Oriol - Ve\u00efns per Rub\u00ed","robots":{"index":"index","follow":"follow","max-snippet":"max-snippet:-1","max-image-preview":"max-image-preview:large","max-video-preview":"max-video-preview:-1"},"canonical":"https:\/\/veinsxrubi.org\/es\/veins-per-rubi-analitza-els-resultats-de-la-consulta-ciutadana-sobre-el-parc-de-ca-noriol\/","og_locale":"es_ES","og_type":"article","og_title":"Ve\u00efns per Rub\u00ed analitza els resultats de la consulta ciutadana sobre el Parc de Ca n\u2019Oriol - Ve\u00efns per Rub\u00ed","og_description":"El passat dimecres es va oferir a l\u2019Ateneu Municipal una sessi\u00f3 informativa oberta a tothom que pogu\u00e9s estar interessat en els resultats de l\u2019enquesta ciutadana envers el projecte de remodelaci\u00f3 del parc de Ca n\u2019Oriol. Com no podia ser d\u2019una altra manera, Ve\u00efns per Rub\u00ed va assistir-hi a aquesta sessi\u00f3. De sobra \u00e9s conegut l\u2019inter\u00e8s [&hellip;]","og_url":"https:\/\/veinsxrubi.org\/es\/veins-per-rubi-analitza-els-resultats-de-la-consulta-ciutadana-sobre-el-parc-de-ca-noriol\/","og_site_name":"Ve\u00efns per Rub\u00ed","article_published_time":"2018-10-10T10:54:03+00:00","og_image":[{"width":706,"height":452,"url":"https:\/\/veinsxrubi.org\/wp-content\/uploads\/2022\/04\/IMG-20180521-WA0089.jpg","type":"image\/jpeg"}],"twitter_card":"summary_large_image","twitter_misc":{"Escrito por":"mediatic-mc","Tiempo de lectura":"4 minutos"},"schema":{"@context":"https:\/\/schema.org","@graph":[{"@type":"WebSite","@id":"https:\/\/veinsxrubi.org\/#website","url":"https:\/\/veinsxrubi.org\/","name":"Ve\u00efns per Rub\u00ed","description":"","potentialAction":[{"@type":"SearchAction","target":{"@type":"EntryPoint","urlTemplate":"https:\/\/veinsxrubi.org\/?s={search_term_string}"},"query-input":"required name=search_term_string"}],"inLanguage":"es"},{"@type":"ImageObject","inLanguage":"es","@id":"https:\/\/veinsxrubi.org\/es\/veins-per-rubi-analitza-els-resultats-de-la-consulta-ciutadana-sobre-el-parc-de-ca-noriol\/#primaryimage","url":"https:\/\/veinsxrubi.org\/wp-content\/uploads\/2022\/04\/IMG-20180521-WA0089.jpg","contentUrl":"https:\/\/veinsxrubi.org\/wp-content\/uploads\/2022\/04\/IMG-20180521-WA0089.jpg","width":706,"height":452},{"@type":"WebPage","@id":"https:\/\/veinsxrubi.org\/es\/veins-per-rubi-analitza-els-resultats-de-la-consulta-ciutadana-sobre-el-parc-de-ca-noriol\/#webpage","url":"https:\/\/veinsxrubi.org\/es\/veins-per-rubi-analitza-els-resultats-de-la-consulta-ciutadana-sobre-el-parc-de-ca-noriol\/","name":"Ve\u00efns per Rub\u00ed analitza els resultats de la consulta ciutadana sobre el Parc de Ca n\u2019Oriol - Ve\u00efns per Rub\u00ed","isPartOf":{"@id":"https:\/\/veinsxrubi.org\/#website"},"primaryImageOfPage":{"@id":"https:\/\/veinsxrubi.org\/es\/veins-per-rubi-analitza-els-resultats-de-la-consulta-ciutadana-sobre-el-parc-de-ca-noriol\/#primaryimage"},"datePublished":"2018-10-10T10:54:03+00:00","dateModified":"2018-10-10T10:54:03+00:00","author":{"@id":"https:\/\/veinsxrubi.org\/#\/schema\/person\/edc38d8c6e8244476e119cd9a2520548"},"breadcrumb":{"@id":"https:\/\/veinsxrubi.org\/es\/veins-per-rubi-analitza-els-resultats-de-la-consulta-ciutadana-sobre-el-parc-de-ca-noriol\/#breadcrumb"},"inLanguage":"es","potentialAction":[{"@type":"ReadAction","target":["https:\/\/veinsxrubi.org\/es\/veins-per-rubi-analitza-els-resultats-de-la-consulta-ciutadana-sobre-el-parc-de-ca-noriol\/"]}]},{"@type":"BreadcrumbList","@id":"https:\/\/veinsxrubi.org\/es\/veins-per-rubi-analitza-els-resultats-de-la-consulta-ciutadana-sobre-el-parc-de-ca-noriol\/#breadcrumb","itemListElement":[{"@type":"ListItem","position":1,"name":"Inici","item":"https:\/\/veinsxrubi.org\/es\/"},{"@type":"ListItem","position":2,"name":"Ve\u00efns per Rub\u00ed analitza els resultats de la consulta ciutadana sobre el Parc de Ca n\u2019Oriol"}]},{"@type":"Person","@id":"https:\/\/veinsxrubi.org\/#\/schema\/person\/edc38d8c6e8244476e119cd9a2520548","name":"mediatic-mc","image":{"@type":"ImageObject","inLanguage":"es","@id":"https:\/\/veinsxrubi.org\/#\/schema\/person\/image\/","url":"https:\/\/secure.gravatar.com\/avatar\/a1f421040c7275c3ff5f095a1201caa49ec29eb6567df6e7f04f9edd916fab55?s=96&d=mm&r=g","contentUrl":"https:\/\/secure.gravatar.com\/avatar\/a1f421040c7275c3ff5f095a1201caa49ec29eb6567df6e7f04f9edd916fab55?s=96&d=mm&r=g","caption":"mediatic-mc"},"sameAs":["http:\/\/veinsxrubi.org\/"],"url":"https:\/\/veinsxrubi.org\/es\/author\/mediatic-mc\/"}]}},"_links":{"self":[{"href":"https:\/\/veinsxrubi.org\/es\/wp-json\/wp\/v2\/posts\/993","targetHints":{"allow":["GET"]}}],"collection":[{"href":"https:\/\/veinsxrubi.org\/es\/wp-json\/wp\/v2\/posts"}],"about":[{"href":"https:\/\/veinsxrubi.org\/es\/wp-json\/wp\/v2\/types\/post"}],"author":[{"embeddable":true,"href":"https:\/\/veinsxrubi.org\/es\/wp-json\/wp\/v2\/users\/1"}],"replies":[{"embeddable":true,"href":"https:\/\/veinsxrubi.org\/es\/wp-json\/wp\/v2\/comments?post=993"}],"version-history":[{"count":0,"href":"https:\/\/veinsxrubi.org\/es\/wp-json\/wp\/v2\/posts\/993\/revisions"}],"wp:featuredmedia":[{"embeddable":true,"href":"https:\/\/veinsxrubi.org\/es\/wp-json\/wp\/v2\/media\/843"}],"wp:attachment":[{"href":"https:\/\/veinsxrubi.org\/es\/wp-json\/wp\/v2\/media?parent=993"}],"wp:term":[{"taxonomy":"category","embeddable":true,"href":"https:\/\/veinsxrubi.org\/es\/wp-json\/wp\/v2\/categories?post=993"},{"taxonomy":"post_tag","embeddable":true,"href":"https:\/\/veinsxrubi.org\/es\/wp-json\/wp\/v2\/tags?post=993"}],"curies":[{"name":"wp","href":"https:\/\/api.w.org\/{rel}","templated":true}]}}