{"id":991,"date":"2018-11-15T09:45:54","date_gmt":"2018-11-15T09:45:54","guid":{"rendered":"http:\/\/veinsxrubi.org\/veins-per-rubi-creara-lobservatori-de-la-contractacio-dels-empleats-publics-si-lidera-un-nou-govern-a-la-ciutat-per-acabar-amb-el-clientelisme\/"},"modified":"2018-11-15T09:45:54","modified_gmt":"2018-11-15T09:45:54","slug":"veins-per-rubi-creara-lobservatori-de-la-contractacio-dels-empleats-publics-si-lidera-un-nou-govern-a-la-ciutat-per-acabar-amb-el-clientelisme","status":"publish","type":"post","link":"https:\/\/veinsxrubi.org\/es\/veins-per-rubi-creara-lobservatori-de-la-contractacio-dels-empleats-publics-si-lidera-un-nou-govern-a-la-ciutat-per-acabar-amb-el-clientelisme\/","title":{"rendered":"Ve\u00efns per Rub\u00ed crear\u00e0 l\u2019Observatori de la contractaci\u00f3 dels empleats p\u00fablics si lidera un nou govern a la ciutat per acabar amb el clientelisme"},"content":{"rendered":"<p>[et_pb_section fb_built=\u00bb1&#8243; theme_builder_area=\u00bbpost_content\u00bb _builder_version=\u00bb4.17.0&#8243; _module_preset=\u00bbdefault\u00bb][et_pb_row _builder_version=\u00bb4.17.0&#8243; _module_preset=\u00bbdefault\u00bb theme_builder_area=\u00bbpost_content\u00bb][et_pb_column _builder_version=\u00bb4.17.0&#8243; _module_preset=\u00bbdefault\u00bb type=\u00bb4_4&#8243; theme_builder_area=\u00bbpost_content\u00bb][et_pb_text _builder_version=\u00bb4.17.0&#8243; _module_preset=\u00bbdefault\u00bb theme_builder_area=\u00bbpost_content\u00bb hover_enabled=\u00bb0&#8243; sticky_enabled=\u00bb0&#8243; text_font=\u00bbHenjuLight|300|||||||\u00bb text_font_size=\u00bb14pt\u00bb text_line_height=\u00bb21pt\u00bb text_text_color=\u00bb#3a3a3a\u00bb link_text_color=\u00bb#3a3a3a\u00bb link_font=\u00bb||||on||||\u00bb]<\/p>\n<p>Des de Ve\u00efns per Rub\u00ed hem mostrat des d\u2019inici de mandat la nostra preocupaci\u00f3 per les pr\u00e0ctiques poc transparents, en relaci\u00f3 amb la pol\u00edtica de recursos humans del govern municipal del PSC, que ha comptat amb la conniv\u00e8ncia de Ciutadans i PP.<\/p>\n<p>Podem recordar alguns dels casos m\u00e9s coneguts:<\/p>\n<p>\u2013 La Relaci\u00f3 de Llocs de treball aprovada pel 2016, la primera d\u2019aquest mandat, creava una nova pla\u00e7a de \u201cT\u00e8cnic de Museu A2\u201d. Aquest lloc de treball es va convocar de manera urgent per Decret signat pel Senyor Mois\u00e9s Rodr\u00edguez, regidor de Serveis Centrals i, casualment, la seva dona va guanyar el concurs de selecci\u00f3 per la puntuaci\u00f3 en la prova pr\u00e0ctica i l\u2019 entrevista (de car\u00e0cter subjectiu) i \u00e9s de les menys puntuades en formaci\u00f3 i m\u00e8rits. Ens sembla clarament que en aquest proc\u00e9s de selecci\u00f3 es produeix una incompatibilitat \u00e8tica.<\/p>\n<p>\u2013 Ger\u00e8ncia de PROURSA: casualment, en el proc\u00e9s de selecci\u00f3 de nova ger\u00e8ncia a l\u2019empresa p\u00fablica, resulta guanyador un militant i regidor del PSC de Barber\u00e0 del Vall\u00e8s, que a m\u00e9s est\u00e0 investigat en el cas de corrupci\u00f3 conegut com a Pok\u00e9mon.<\/p>\n<p>\u2013 Tal com indica la Secret\u00e0ria General al seu informe en relaci\u00f3 a la modificaci\u00f3 de la RLT de 2017, es detecta l\u2019assignaci\u00f3 de funcions de diferent categoria a favor de 7 treballadors amb un complement addicional de sou, en algun cas es tracta d\u2019un militant del PSC que anava a la llista electoral de les municipals de 2015.<\/p>\n<p>\u2013 Creaci\u00f3 del lloc de treball de coordinadora d\u2019alcaldia, amb un sou de 60 mil euros anuals en la modificaci\u00f3 de la RLT de 2017, assimilant-lo a un c\u00e0rrec directiu, q\u00fcesti\u00f3 que tamb\u00e9 va posar en dubte la Secret\u00e0ria General en el seu informe, i que va generar una sospita generalitzada en alguns grups de l\u2019oposici\u00f3.<\/p>\n<p>Aquests casos i altres menys coneguts, ens fan reiterar-nos en la proposta que vam portar al ple municipal de juny de 2016, per la creaci\u00f3 de l\u2019Observatori de la contractaci\u00f3 dels empleats p\u00fablics, que s\u2019encarregaria de garantir la m\u00e0xima transpar\u00e8ncia en tots els processos de contractaci\u00f3 i selecci\u00f3 de personal, lluitant contra qualsevol tipus d\u2019actuaci\u00f3 clientelar o sospitosa.<\/p>\n<p>Aquesta moci\u00f3 hem de recordar que va ser aprovada amb els vots en contra de PSC i Ciutadans, i l\u2019abstenci\u00f3 d\u2019ERC, fet que ens indica clarament les conniv\u00e8ncies actuals (Ciutadans) i hist\u00f2riques (ERC governant 11 anys amb el PSC) en relaci\u00f3 a la pol\u00edtica de Recursos humans del PSC durant pr\u00e0cticament 16 anys.<\/p>\n<p>Per tant, Ve\u00efns per Rub\u00ed, es compromet a impulsar aquest \u00f2rgan de transpar\u00e8ncia si lidera un nou govern a la ciutat despr\u00e9s de les eleccions municipals de 2019.<\/p>\n<p>Ve\u00efns per Rub\u00ed<\/p>\n<p><a href=\"mailto:info@veinsrubi.org\">info@veinsrubi.org<\/a><\/p>\n<p><a href=\"http:\/\/www.veinsrubi.org\" target=\"_blank\" rel=\"noopener\">www.veinsrubi.org<\/a><\/p>\n<p>[\/et_pb_text][\/et_pb_column][\/et_pb_row][\/et_pb_section]<\/p>\n","protected":false},"excerpt":{"rendered":"<p>Des de Ve\u00efns per Rub\u00ed hem mostrat des d\u2019inici de mandat la nostra preocupaci\u00f3 per les pr\u00e0ctiques poc transparents, en relaci\u00f3 amb la pol\u00edtica de recursos humans del govern municipal del PSC, que ha comptat amb la conniv\u00e8ncia de Ciutadans i PP. Podem recordar alguns dels casos m\u00e9s coneguts: \u2013 La Relaci\u00f3 de Llocs de [&hellip;]<\/p>\n","protected":false},"author":1,"featured_media":829,"comment_status":"open","ping_status":"open","sticky":false,"template":"","format":"standard","meta":{"_et_pb_use_builder":"on","_et_pb_old_content":"","_et_gb_content_width":"","inline_featured_image":false,"footnotes":""},"categories":[17],"tags":[],"class_list":["post-991","post","type-post","status-publish","format-standard","has-post-thumbnail","hentry","category-noticies-es"],"yoast_head":"<!-- This site is optimized with the Yoast SEO plugin v18.7 - https:\/\/yoast.com\/wordpress\/plugins\/seo\/ -->\n<title>Ve\u00efns per Rub\u00ed crear\u00e0 l\u2019Observatori de la contractaci\u00f3 dels empleats p\u00fablics si lidera un nou govern a la ciutat per acabar amb el clientelisme - Ve\u00efns per Rub\u00ed<\/title>\n<meta name=\"robots\" content=\"index, follow, max-snippet:-1, max-image-preview:large, max-video-preview:-1\" \/>\n<link rel=\"canonical\" href=\"https:\/\/veinsxrubi.org\/es\/veins-per-rubi-creara-lobservatori-de-la-contractacio-dels-empleats-publics-si-lidera-un-nou-govern-a-la-ciutat-per-acabar-amb-el-clientelisme\/\" \/>\n<meta property=\"og:locale\" content=\"es_ES\" \/>\n<meta property=\"og:type\" content=\"article\" \/>\n<meta property=\"og:title\" content=\"Ve\u00efns per Rub\u00ed crear\u00e0 l\u2019Observatori de la contractaci\u00f3 dels empleats p\u00fablics si lidera un nou govern a la ciutat per acabar amb el clientelisme - Ve\u00efns per Rub\u00ed\" \/>\n<meta property=\"og:description\" content=\"Des de Ve\u00efns per Rub\u00ed hem mostrat des d\u2019inici de mandat la nostra preocupaci\u00f3 per les pr\u00e0ctiques poc transparents, en relaci\u00f3 amb la pol\u00edtica de recursos humans del govern municipal del PSC, que ha comptat amb la conniv\u00e8ncia de Ciutadans i PP. Podem recordar alguns dels casos m\u00e9s coneguts: \u2013 La Relaci\u00f3 de Llocs de [&hellip;]\" \/>\n<meta property=\"og:url\" content=\"https:\/\/veinsxrubi.org\/es\/veins-per-rubi-creara-lobservatori-de-la-contractacio-dels-empleats-publics-si-lidera-un-nou-govern-a-la-ciutat-per-acabar-amb-el-clientelisme\/\" \/>\n<meta property=\"og:site_name\" content=\"Ve\u00efns per Rub\u00ed\" \/>\n<meta property=\"article:published_time\" content=\"2018-11-15T09:45:54+00:00\" \/>\n<meta property=\"og:image\" content=\"https:\/\/veinsxrubi.org\/wp-content\/uploads\/2022\/04\/transparencia-4.jpg\" \/>\n\t<meta property=\"og:image:width\" content=\"320\" \/>\n\t<meta property=\"og:image:height\" content=\"213\" \/>\n\t<meta property=\"og:image:type\" content=\"image\/jpeg\" \/>\n<meta name=\"twitter:card\" content=\"summary_large_image\" \/>\n<meta name=\"twitter:label1\" content=\"Escrito por\" \/>\n\t<meta name=\"twitter:data1\" content=\"mediatic-mc\" \/>\n\t<meta name=\"twitter:label2\" content=\"Tiempo de lectura\" \/>\n\t<meta name=\"twitter:data2\" content=\"3 minutos\" \/>\n<script type=\"application\/ld+json\" class=\"yoast-schema-graph\">{\"@context\":\"https:\/\/schema.org\",\"@graph\":[{\"@type\":\"WebSite\",\"@id\":\"https:\/\/veinsxrubi.org\/#website\",\"url\":\"https:\/\/veinsxrubi.org\/\",\"name\":\"Ve\u00efns per Rub\u00ed\",\"description\":\"\",\"potentialAction\":[{\"@type\":\"SearchAction\",\"target\":{\"@type\":\"EntryPoint\",\"urlTemplate\":\"https:\/\/veinsxrubi.org\/?s={search_term_string}\"},\"query-input\":\"required name=search_term_string\"}],\"inLanguage\":\"es\"},{\"@type\":\"ImageObject\",\"inLanguage\":\"es\",\"@id\":\"https:\/\/veinsxrubi.org\/es\/veins-per-rubi-creara-lobservatori-de-la-contractacio-dels-empleats-publics-si-lidera-un-nou-govern-a-la-ciutat-per-acabar-amb-el-clientelisme\/#primaryimage\",\"url\":\"https:\/\/veinsxrubi.org\/wp-content\/uploads\/2022\/04\/transparencia-4.jpg\",\"contentUrl\":\"https:\/\/veinsxrubi.org\/wp-content\/uploads\/2022\/04\/transparencia-4.jpg\",\"width\":320,\"height\":213},{\"@type\":\"WebPage\",\"@id\":\"https:\/\/veinsxrubi.org\/es\/veins-per-rubi-creara-lobservatori-de-la-contractacio-dels-empleats-publics-si-lidera-un-nou-govern-a-la-ciutat-per-acabar-amb-el-clientelisme\/#webpage\",\"url\":\"https:\/\/veinsxrubi.org\/es\/veins-per-rubi-creara-lobservatori-de-la-contractacio-dels-empleats-publics-si-lidera-un-nou-govern-a-la-ciutat-per-acabar-amb-el-clientelisme\/\",\"name\":\"Ve\u00efns per Rub\u00ed crear\u00e0 l\u2019Observatori de la contractaci\u00f3 dels empleats p\u00fablics si lidera un nou govern a la ciutat per acabar amb el clientelisme - Ve\u00efns per Rub\u00ed\",\"isPartOf\":{\"@id\":\"https:\/\/veinsxrubi.org\/#website\"},\"primaryImageOfPage\":{\"@id\":\"https:\/\/veinsxrubi.org\/es\/veins-per-rubi-creara-lobservatori-de-la-contractacio-dels-empleats-publics-si-lidera-un-nou-govern-a-la-ciutat-per-acabar-amb-el-clientelisme\/#primaryimage\"},\"datePublished\":\"2018-11-15T09:45:54+00:00\",\"dateModified\":\"2018-11-15T09:45:54+00:00\",\"author\":{\"@id\":\"https:\/\/veinsxrubi.org\/#\/schema\/person\/edc38d8c6e8244476e119cd9a2520548\"},\"breadcrumb\":{\"@id\":\"https:\/\/veinsxrubi.org\/es\/veins-per-rubi-creara-lobservatori-de-la-contractacio-dels-empleats-publics-si-lidera-un-nou-govern-a-la-ciutat-per-acabar-amb-el-clientelisme\/#breadcrumb\"},\"inLanguage\":\"es\",\"potentialAction\":[{\"@type\":\"ReadAction\",\"target\":[\"https:\/\/veinsxrubi.org\/es\/veins-per-rubi-creara-lobservatori-de-la-contractacio-dels-empleats-publics-si-lidera-un-nou-govern-a-la-ciutat-per-acabar-amb-el-clientelisme\/\"]}]},{\"@type\":\"BreadcrumbList\",\"@id\":\"https:\/\/veinsxrubi.org\/es\/veins-per-rubi-creara-lobservatori-de-la-contractacio-dels-empleats-publics-si-lidera-un-nou-govern-a-la-ciutat-per-acabar-amb-el-clientelisme\/#breadcrumb\",\"itemListElement\":[{\"@type\":\"ListItem\",\"position\":1,\"name\":\"Inici\",\"item\":\"https:\/\/veinsxrubi.org\/es\/\"},{\"@type\":\"ListItem\",\"position\":2,\"name\":\"Ve\u00efns per Rub\u00ed crear\u00e0 l\u2019Observatori de la contractaci\u00f3 dels empleats p\u00fablics si lidera un nou govern a la ciutat per acabar amb el clientelisme\"}]},{\"@type\":\"Person\",\"@id\":\"https:\/\/veinsxrubi.org\/#\/schema\/person\/edc38d8c6e8244476e119cd9a2520548\",\"name\":\"mediatic-mc\",\"image\":{\"@type\":\"ImageObject\",\"inLanguage\":\"es\",\"@id\":\"https:\/\/veinsxrubi.org\/#\/schema\/person\/image\/\",\"url\":\"https:\/\/secure.gravatar.com\/avatar\/a1f421040c7275c3ff5f095a1201caa49ec29eb6567df6e7f04f9edd916fab55?s=96&d=mm&r=g\",\"contentUrl\":\"https:\/\/secure.gravatar.com\/avatar\/a1f421040c7275c3ff5f095a1201caa49ec29eb6567df6e7f04f9edd916fab55?s=96&d=mm&r=g\",\"caption\":\"mediatic-mc\"},\"sameAs\":[\"http:\/\/veinsxrubi.org\/\"],\"url\":\"https:\/\/veinsxrubi.org\/es\/author\/mediatic-mc\/\"}]}<\/script>\n<!-- \/ Yoast SEO plugin. -->","yoast_head_json":{"title":"Ve\u00efns per Rub\u00ed crear\u00e0 l\u2019Observatori de la contractaci\u00f3 dels empleats p\u00fablics si lidera un nou govern a la ciutat per acabar amb el clientelisme - Ve\u00efns per Rub\u00ed","robots":{"index":"index","follow":"follow","max-snippet":"max-snippet:-1","max-image-preview":"max-image-preview:large","max-video-preview":"max-video-preview:-1"},"canonical":"https:\/\/veinsxrubi.org\/es\/veins-per-rubi-creara-lobservatori-de-la-contractacio-dels-empleats-publics-si-lidera-un-nou-govern-a-la-ciutat-per-acabar-amb-el-clientelisme\/","og_locale":"es_ES","og_type":"article","og_title":"Ve\u00efns per Rub\u00ed crear\u00e0 l\u2019Observatori de la contractaci\u00f3 dels empleats p\u00fablics si lidera un nou govern a la ciutat per acabar amb el clientelisme - Ve\u00efns per Rub\u00ed","og_description":"Des de Ve\u00efns per Rub\u00ed hem mostrat des d\u2019inici de mandat la nostra preocupaci\u00f3 per les pr\u00e0ctiques poc transparents, en relaci\u00f3 amb la pol\u00edtica de recursos humans del govern municipal del PSC, que ha comptat amb la conniv\u00e8ncia de Ciutadans i PP. Podem recordar alguns dels casos m\u00e9s coneguts: \u2013 La Relaci\u00f3 de Llocs de [&hellip;]","og_url":"https:\/\/veinsxrubi.org\/es\/veins-per-rubi-creara-lobservatori-de-la-contractacio-dels-empleats-publics-si-lidera-un-nou-govern-a-la-ciutat-per-acabar-amb-el-clientelisme\/","og_site_name":"Ve\u00efns per Rub\u00ed","article_published_time":"2018-11-15T09:45:54+00:00","og_image":[{"width":320,"height":213,"url":"https:\/\/veinsxrubi.org\/wp-content\/uploads\/2022\/04\/transparencia-4.jpg","type":"image\/jpeg"}],"twitter_card":"summary_large_image","twitter_misc":{"Escrito por":"mediatic-mc","Tiempo de lectura":"3 minutos"},"schema":{"@context":"https:\/\/schema.org","@graph":[{"@type":"WebSite","@id":"https:\/\/veinsxrubi.org\/#website","url":"https:\/\/veinsxrubi.org\/","name":"Ve\u00efns per Rub\u00ed","description":"","potentialAction":[{"@type":"SearchAction","target":{"@type":"EntryPoint","urlTemplate":"https:\/\/veinsxrubi.org\/?s={search_term_string}"},"query-input":"required name=search_term_string"}],"inLanguage":"es"},{"@type":"ImageObject","inLanguage":"es","@id":"https:\/\/veinsxrubi.org\/es\/veins-per-rubi-creara-lobservatori-de-la-contractacio-dels-empleats-publics-si-lidera-un-nou-govern-a-la-ciutat-per-acabar-amb-el-clientelisme\/#primaryimage","url":"https:\/\/veinsxrubi.org\/wp-content\/uploads\/2022\/04\/transparencia-4.jpg","contentUrl":"https:\/\/veinsxrubi.org\/wp-content\/uploads\/2022\/04\/transparencia-4.jpg","width":320,"height":213},{"@type":"WebPage","@id":"https:\/\/veinsxrubi.org\/es\/veins-per-rubi-creara-lobservatori-de-la-contractacio-dels-empleats-publics-si-lidera-un-nou-govern-a-la-ciutat-per-acabar-amb-el-clientelisme\/#webpage","url":"https:\/\/veinsxrubi.org\/es\/veins-per-rubi-creara-lobservatori-de-la-contractacio-dels-empleats-publics-si-lidera-un-nou-govern-a-la-ciutat-per-acabar-amb-el-clientelisme\/","name":"Ve\u00efns per Rub\u00ed crear\u00e0 l\u2019Observatori de la contractaci\u00f3 dels empleats p\u00fablics si lidera un nou govern a la ciutat per acabar amb el clientelisme - Ve\u00efns per Rub\u00ed","isPartOf":{"@id":"https:\/\/veinsxrubi.org\/#website"},"primaryImageOfPage":{"@id":"https:\/\/veinsxrubi.org\/es\/veins-per-rubi-creara-lobservatori-de-la-contractacio-dels-empleats-publics-si-lidera-un-nou-govern-a-la-ciutat-per-acabar-amb-el-clientelisme\/#primaryimage"},"datePublished":"2018-11-15T09:45:54+00:00","dateModified":"2018-11-15T09:45:54+00:00","author":{"@id":"https:\/\/veinsxrubi.org\/#\/schema\/person\/edc38d8c6e8244476e119cd9a2520548"},"breadcrumb":{"@id":"https:\/\/veinsxrubi.org\/es\/veins-per-rubi-creara-lobservatori-de-la-contractacio-dels-empleats-publics-si-lidera-un-nou-govern-a-la-ciutat-per-acabar-amb-el-clientelisme\/#breadcrumb"},"inLanguage":"es","potentialAction":[{"@type":"ReadAction","target":["https:\/\/veinsxrubi.org\/es\/veins-per-rubi-creara-lobservatori-de-la-contractacio-dels-empleats-publics-si-lidera-un-nou-govern-a-la-ciutat-per-acabar-amb-el-clientelisme\/"]}]},{"@type":"BreadcrumbList","@id":"https:\/\/veinsxrubi.org\/es\/veins-per-rubi-creara-lobservatori-de-la-contractacio-dels-empleats-publics-si-lidera-un-nou-govern-a-la-ciutat-per-acabar-amb-el-clientelisme\/#breadcrumb","itemListElement":[{"@type":"ListItem","position":1,"name":"Inici","item":"https:\/\/veinsxrubi.org\/es\/"},{"@type":"ListItem","position":2,"name":"Ve\u00efns per Rub\u00ed crear\u00e0 l\u2019Observatori de la contractaci\u00f3 dels empleats p\u00fablics si lidera un nou govern a la ciutat per acabar amb el clientelisme"}]},{"@type":"Person","@id":"https:\/\/veinsxrubi.org\/#\/schema\/person\/edc38d8c6e8244476e119cd9a2520548","name":"mediatic-mc","image":{"@type":"ImageObject","inLanguage":"es","@id":"https:\/\/veinsxrubi.org\/#\/schema\/person\/image\/","url":"https:\/\/secure.gravatar.com\/avatar\/a1f421040c7275c3ff5f095a1201caa49ec29eb6567df6e7f04f9edd916fab55?s=96&d=mm&r=g","contentUrl":"https:\/\/secure.gravatar.com\/avatar\/a1f421040c7275c3ff5f095a1201caa49ec29eb6567df6e7f04f9edd916fab55?s=96&d=mm&r=g","caption":"mediatic-mc"},"sameAs":["http:\/\/veinsxrubi.org\/"],"url":"https:\/\/veinsxrubi.org\/es\/author\/mediatic-mc\/"}]}},"_links":{"self":[{"href":"https:\/\/veinsxrubi.org\/es\/wp-json\/wp\/v2\/posts\/991","targetHints":{"allow":["GET"]}}],"collection":[{"href":"https:\/\/veinsxrubi.org\/es\/wp-json\/wp\/v2\/posts"}],"about":[{"href":"https:\/\/veinsxrubi.org\/es\/wp-json\/wp\/v2\/types\/post"}],"author":[{"embeddable":true,"href":"https:\/\/veinsxrubi.org\/es\/wp-json\/wp\/v2\/users\/1"}],"replies":[{"embeddable":true,"href":"https:\/\/veinsxrubi.org\/es\/wp-json\/wp\/v2\/comments?post=991"}],"version-history":[{"count":0,"href":"https:\/\/veinsxrubi.org\/es\/wp-json\/wp\/v2\/posts\/991\/revisions"}],"wp:featuredmedia":[{"embeddable":true,"href":"https:\/\/veinsxrubi.org\/es\/wp-json\/wp\/v2\/media\/829"}],"wp:attachment":[{"href":"https:\/\/veinsxrubi.org\/es\/wp-json\/wp\/v2\/media?parent=991"}],"wp:term":[{"taxonomy":"category","embeddable":true,"href":"https:\/\/veinsxrubi.org\/es\/wp-json\/wp\/v2\/categories?post=991"},{"taxonomy":"post_tag","embeddable":true,"href":"https:\/\/veinsxrubi.org\/es\/wp-json\/wp\/v2\/tags?post=991"}],"curies":[{"name":"wp","href":"https:\/\/api.w.org\/{rel}","templated":true}]}}