{"id":989,"date":"2018-12-13T10:51:45","date_gmt":"2018-12-13T10:51:45","guid":{"rendered":"http:\/\/veinsxrubi.org\/la-planificacio-necessaria\/"},"modified":"2018-12-13T10:51:45","modified_gmt":"2018-12-13T10:51:45","slug":"la-planificacio-necessaria","status":"publish","type":"post","link":"https:\/\/veinsxrubi.org\/es\/la-planificacio-necessaria\/","title":{"rendered":"La planificaci\u00f3 necess\u00e0ria"},"content":{"rendered":"<p>[et_pb_section fb_built=\u00bb1&#8243; theme_builder_area=\u00bbpost_content\u00bb _builder_version=\u00bb4.17.0&#8243; _module_preset=\u00bbdefault\u00bb][et_pb_row _builder_version=\u00bb4.17.0&#8243; _module_preset=\u00bbdefault\u00bb theme_builder_area=\u00bbpost_content\u00bb][et_pb_column _builder_version=\u00bb4.17.0&#8243; _module_preset=\u00bbdefault\u00bb type=\u00bb4_4&#8243; theme_builder_area=\u00bbpost_content\u00bb][et_pb_text _builder_version=\u00bb4.17.0&#8243; _module_preset=\u00bbdefault\u00bb theme_builder_area=\u00bbpost_content\u00bb text_font=\u00bbHenjuLight|300|||||||\u00bb text_font_size=\u00bb14pt\u00bb text_line_height=\u00bb21pt\u00bb text_text_color=\u00bb#3a3a3a\u00bb hover_enabled=\u00bb0&#8243; sticky_enabled=\u00bb0&#8243;]Toni Garc\u00eda, regidor de Ve\u00efns per Rub\u00ed<\/p>\n<p>Des de Ve\u00efns per Rub\u00ed hem reclamat, des de la fundaci\u00f3 del nostre partit pol\u00edtic abans de les eleccions municipals de 2015, la necess\u00e0ria planificaci\u00f3 dels recursos municipals per garantir els serveis b\u00e0sics a la ciutat, com el manteniment dels espais p\u00fablics, la neteja, la seguretat, l\u2019ordenaci\u00f3 urban\u00edstica sostenible per viure en un entorn de qualitat, pol\u00edtiques d\u2019habitatge p\u00fablic ambicioses, un pla d\u2019equipaments coherent per una ciutat com la nostra, o l\u2019estabilitzaci\u00f3 de la plantilla municipal, entre altres q\u00fcestions rellevants.<\/p>\n<p>Davant d\u2019aquest plantejament coherent, raonable, necessari, del nostre grup, el mandat pol\u00edtic que ja est\u00e0 acabant s\u2019ha convertit en una anomalia en la recent hist\u00f2ria democr\u00e0tica del nostre Ajuntament: l\u2019alcaldessa i el seu equip de govern han gestionat el municipi a cop d\u2019improvisaci\u00f3, sense un full de ruta clar a curt, mitj\u00e0 i llarg termini, sense una planificaci\u00f3 d\u2019inversions detallada en el temps, sense comptar amb la gran majoria de representants de l\u2019oposici\u00f3 per tirar endavant projectes vitals de ciutat, com el POUM, amb un ampli consens.<\/p>\n<p>La via escollida per l\u2019alcaldessa, que passar\u00e0 a la hist\u00f2ria com la m\u00e0xima responsable del pitjor govern en democr\u00e0cia, ha sigut la via unilateral, la via perillosament narcisista, allunyant-se totalment del seu lema de campanya electoral de 2015. Si hem de catalogar la seva acci\u00f3 pol\u00edtica, podr\u00edem parlar sense cap dubte d\u2019irresponsabilitat.<\/p>\n<p>A m\u00e9s hem d\u2019afegir a aquestes anomalies el suport incondicional de Ciutadans, amb un grup municipal que es va dividir en dos a meitat de mandat, i que ha avalat amb els seus suports l\u2019acci\u00f3 pol\u00edtica nefasta del PSC. Ciutadans \u00e9s corresponsable d\u2019aquesta situaci\u00f3, i els canvis de lideratge amb un nou actor que procedeix precisament del nucli dur de l\u2019alcaldessa, ni m\u00e9s ni menys que el seu anterior cap de gabinet, c\u00e0rrec de confian\u00e7a escollit a dit, nom\u00e9s garanteix m\u00e9s conniv\u00e8ncies amb el PSC en el futur. En aquest sentit hem de recordar com el grup municipal de Ciutadans conjuntament amb el PSC s\u2019ha oposat a la creaci\u00f3 plantejada per VR d\u2019observatoris de transpar\u00e8ncia en l\u2019adjudicaci\u00f3 i control de contractes p\u00fablics, aix\u00ed com en els processos de selecci\u00f3 de personal, o com va ser actor clau en l\u2019operaci\u00f3 d\u2019incorporaci\u00f3 d\u2019un tr\u00e0nsfuga al govern municipal del PSC. Amb aquest bagatge, Ciutadans no \u00e9s garantia de cap canvi, sin\u00f3 del continuisme que ens ha portat a aquesta situaci\u00f3.<\/p>\n<p>\u00c9s moment tamb\u00e9 de recordar les conniv\u00e8ncies d\u2019ERC durant 11 anys de governs amb el PSC, on amb 2 regidors tenien 3 c\u00e0rrecs de confian\u00e7a escollits a dit. O l\u2019hist\u00f2ric de 24 anys de governs del PSUC-ICV, ara reconvertits en \u201cEn Com\u00fa Podem Rub\u00ed\u201d.<\/p>\n<p>Per tot aix\u00f2, des de Ve\u00efns per Rub\u00ed continuem plantejant, com a garantia d\u2019un nou lideratge sense motxilles pol\u00edtiques, ni hipoteques, ni conniv\u00e8ncies, un projecte liderat per un equip de ve\u00efns compromesos amb la nostra ciutat, amb perfils professionals variats, i preparats per comen\u00e7ar a gestionar l\u2019her\u00e8ncia terrible que deixar\u00e0 el PSC de Rub\u00ed amb els seus aliats durant els \u00faltims 16 anys. Som conscients que l\u2019her\u00e8ncia ser\u00e0 molt dif\u00edcil de gestionar, i necessitarem anys perqu\u00e8 aquest Ajuntament recuperi la normalitat, i tingui la confian\u00e7a dels nostres ve\u00efns i de la plantilla municipal, per\u00f2 treballarem de forma incansable per aconseguir-ho, sense rebre consignes ni de Barcelona ni de Madrid, i sense buscar aspiracions personals per escalar en partits d\u2019\u00e0mbit nacional, utilitzant el Ple de Rub\u00ed com a trampol\u00ed pol\u00edtic.<\/p>\n<p>Des de Ve\u00efns per Rub\u00ed apostem per liderar una transici\u00f3 pol\u00edtica amb seny, di\u00e0leg, planificaci\u00f3 i gesti\u00f3 eficient dels recursos p\u00fablics, sempre de forma transparent i comptant amb els nostres ve\u00efns.[\/et_pb_text][\/et_pb_column][\/et_pb_row][\/et_pb_section]<\/p>\n","protected":false},"excerpt":{"rendered":"<p>Toni Garc\u00eda, regidor de Ve\u00efns per Rub\u00ed Des de Ve\u00efns per Rub\u00ed hem reclamat, des de la fundaci\u00f3 del nostre partit pol\u00edtic abans de les eleccions municipals de 2015, la necess\u00e0ria planificaci\u00f3 dels recursos municipals per garantir els serveis b\u00e0sics a la ciutat, com el manteniment dels espais p\u00fablics, la neteja, la seguretat, l\u2019ordenaci\u00f3 urban\u00edstica [&hellip;]<\/p>\n","protected":false},"author":1,"featured_media":842,"comment_status":"open","ping_status":"open","sticky":false,"template":"","format":"standard","meta":{"_et_pb_use_builder":"on","_et_pb_old_content":"","_et_gb_content_width":"","inline_featured_image":false,"footnotes":""},"categories":[16],"tags":[],"class_list":["post-989","post","type-post","status-publish","format-standard","has-post-thumbnail","hentry","category-articles-es"],"yoast_head":"<!-- This site is optimized with the Yoast SEO plugin v18.7 - https:\/\/yoast.com\/wordpress\/plugins\/seo\/ -->\n<title>La planificaci\u00f3 necess\u00e0ria - Ve\u00efns per Rub\u00ed<\/title>\n<meta name=\"robots\" content=\"index, follow, max-snippet:-1, max-image-preview:large, max-video-preview:-1\" \/>\n<link rel=\"canonical\" href=\"https:\/\/veinsxrubi.org\/es\/la-planificacio-necessaria\/\" \/>\n<meta property=\"og:locale\" content=\"es_ES\" \/>\n<meta property=\"og:type\" content=\"article\" \/>\n<meta property=\"og:title\" content=\"La planificaci\u00f3 necess\u00e0ria - Ve\u00efns per Rub\u00ed\" \/>\n<meta property=\"og:description\" content=\"Toni Garc\u00eda, regidor de Ve\u00efns per Rub\u00ed Des de Ve\u00efns per Rub\u00ed hem reclamat, des de la fundaci\u00f3 del nostre partit pol\u00edtic abans de les eleccions municipals de 2015, la necess\u00e0ria planificaci\u00f3 dels recursos municipals per garantir els serveis b\u00e0sics a la ciutat, com el manteniment dels espais p\u00fablics, la neteja, la seguretat, l\u2019ordenaci\u00f3 urban\u00edstica [&hellip;]\" \/>\n<meta property=\"og:url\" content=\"https:\/\/veinsxrubi.org\/es\/la-planificacio-necessaria\/\" \/>\n<meta property=\"og:site_name\" content=\"Ve\u00efns per Rub\u00ed\" \/>\n<meta property=\"article:published_time\" content=\"2018-12-13T10:51:45+00:00\" \/>\n<meta property=\"og:image\" content=\"https:\/\/veinsxrubi.org\/wp-content\/uploads\/2022\/04\/035ab0ced46cf00e256c0676e22c61d7_M.jpg\" \/>\n\t<meta property=\"og:image:width\" content=\"500\" \/>\n\t<meta property=\"og:image:height\" content=\"375\" \/>\n\t<meta property=\"og:image:type\" content=\"image\/jpeg\" \/>\n<meta name=\"twitter:card\" content=\"summary_large_image\" \/>\n<meta name=\"twitter:label1\" content=\"Escrito por\" \/>\n\t<meta name=\"twitter:data1\" content=\"mediatic-mc\" \/>\n\t<meta name=\"twitter:label2\" content=\"Tiempo de lectura\" \/>\n\t<meta name=\"twitter:data2\" content=\"4 minutos\" \/>\n<script type=\"application\/ld+json\" class=\"yoast-schema-graph\">{\"@context\":\"https:\/\/schema.org\",\"@graph\":[{\"@type\":\"WebSite\",\"@id\":\"https:\/\/veinsxrubi.org\/#website\",\"url\":\"https:\/\/veinsxrubi.org\/\",\"name\":\"Ve\u00efns per Rub\u00ed\",\"description\":\"\",\"potentialAction\":[{\"@type\":\"SearchAction\",\"target\":{\"@type\":\"EntryPoint\",\"urlTemplate\":\"https:\/\/veinsxrubi.org\/?s={search_term_string}\"},\"query-input\":\"required name=search_term_string\"}],\"inLanguage\":\"es\"},{\"@type\":\"ImageObject\",\"inLanguage\":\"es\",\"@id\":\"https:\/\/veinsxrubi.org\/es\/la-planificacio-necessaria\/#primaryimage\",\"url\":\"https:\/\/veinsxrubi.org\/wp-content\/uploads\/2022\/04\/035ab0ced46cf00e256c0676e22c61d7_M.jpg\",\"contentUrl\":\"https:\/\/veinsxrubi.org\/wp-content\/uploads\/2022\/04\/035ab0ced46cf00e256c0676e22c61d7_M.jpg\",\"width\":500,\"height\":375},{\"@type\":\"WebPage\",\"@id\":\"https:\/\/veinsxrubi.org\/es\/la-planificacio-necessaria\/#webpage\",\"url\":\"https:\/\/veinsxrubi.org\/es\/la-planificacio-necessaria\/\",\"name\":\"La planificaci\u00f3 necess\u00e0ria - Ve\u00efns per Rub\u00ed\",\"isPartOf\":{\"@id\":\"https:\/\/veinsxrubi.org\/#website\"},\"primaryImageOfPage\":{\"@id\":\"https:\/\/veinsxrubi.org\/es\/la-planificacio-necessaria\/#primaryimage\"},\"datePublished\":\"2018-12-13T10:51:45+00:00\",\"dateModified\":\"2018-12-13T10:51:45+00:00\",\"author\":{\"@id\":\"https:\/\/veinsxrubi.org\/#\/schema\/person\/edc38d8c6e8244476e119cd9a2520548\"},\"breadcrumb\":{\"@id\":\"https:\/\/veinsxrubi.org\/es\/la-planificacio-necessaria\/#breadcrumb\"},\"inLanguage\":\"es\",\"potentialAction\":[{\"@type\":\"ReadAction\",\"target\":[\"https:\/\/veinsxrubi.org\/es\/la-planificacio-necessaria\/\"]}]},{\"@type\":\"BreadcrumbList\",\"@id\":\"https:\/\/veinsxrubi.org\/es\/la-planificacio-necessaria\/#breadcrumb\",\"itemListElement\":[{\"@type\":\"ListItem\",\"position\":1,\"name\":\"Inici\",\"item\":\"https:\/\/veinsxrubi.org\/es\/\"},{\"@type\":\"ListItem\",\"position\":2,\"name\":\"La planificaci\u00f3 necess\u00e0ria\"}]},{\"@type\":\"Person\",\"@id\":\"https:\/\/veinsxrubi.org\/#\/schema\/person\/edc38d8c6e8244476e119cd9a2520548\",\"name\":\"mediatic-mc\",\"image\":{\"@type\":\"ImageObject\",\"inLanguage\":\"es\",\"@id\":\"https:\/\/veinsxrubi.org\/#\/schema\/person\/image\/\",\"url\":\"https:\/\/secure.gravatar.com\/avatar\/a1f421040c7275c3ff5f095a1201caa49ec29eb6567df6e7f04f9edd916fab55?s=96&d=mm&r=g\",\"contentUrl\":\"https:\/\/secure.gravatar.com\/avatar\/a1f421040c7275c3ff5f095a1201caa49ec29eb6567df6e7f04f9edd916fab55?s=96&d=mm&r=g\",\"caption\":\"mediatic-mc\"},\"sameAs\":[\"http:\/\/veinsxrubi.org\/\"],\"url\":\"https:\/\/veinsxrubi.org\/es\/author\/mediatic-mc\/\"}]}<\/script>\n<!-- \/ Yoast SEO plugin. -->","yoast_head_json":{"title":"La planificaci\u00f3 necess\u00e0ria - Ve\u00efns per Rub\u00ed","robots":{"index":"index","follow":"follow","max-snippet":"max-snippet:-1","max-image-preview":"max-image-preview:large","max-video-preview":"max-video-preview:-1"},"canonical":"https:\/\/veinsxrubi.org\/es\/la-planificacio-necessaria\/","og_locale":"es_ES","og_type":"article","og_title":"La planificaci\u00f3 necess\u00e0ria - Ve\u00efns per Rub\u00ed","og_description":"Toni Garc\u00eda, regidor de Ve\u00efns per Rub\u00ed Des de Ve\u00efns per Rub\u00ed hem reclamat, des de la fundaci\u00f3 del nostre partit pol\u00edtic abans de les eleccions municipals de 2015, la necess\u00e0ria planificaci\u00f3 dels recursos municipals per garantir els serveis b\u00e0sics a la ciutat, com el manteniment dels espais p\u00fablics, la neteja, la seguretat, l\u2019ordenaci\u00f3 urban\u00edstica [&hellip;]","og_url":"https:\/\/veinsxrubi.org\/es\/la-planificacio-necessaria\/","og_site_name":"Ve\u00efns per Rub\u00ed","article_published_time":"2018-12-13T10:51:45+00:00","og_image":[{"width":500,"height":375,"url":"https:\/\/veinsxrubi.org\/wp-content\/uploads\/2022\/04\/035ab0ced46cf00e256c0676e22c61d7_M.jpg","type":"image\/jpeg"}],"twitter_card":"summary_large_image","twitter_misc":{"Escrito por":"mediatic-mc","Tiempo de lectura":"4 minutos"},"schema":{"@context":"https:\/\/schema.org","@graph":[{"@type":"WebSite","@id":"https:\/\/veinsxrubi.org\/#website","url":"https:\/\/veinsxrubi.org\/","name":"Ve\u00efns per Rub\u00ed","description":"","potentialAction":[{"@type":"SearchAction","target":{"@type":"EntryPoint","urlTemplate":"https:\/\/veinsxrubi.org\/?s={search_term_string}"},"query-input":"required name=search_term_string"}],"inLanguage":"es"},{"@type":"ImageObject","inLanguage":"es","@id":"https:\/\/veinsxrubi.org\/es\/la-planificacio-necessaria\/#primaryimage","url":"https:\/\/veinsxrubi.org\/wp-content\/uploads\/2022\/04\/035ab0ced46cf00e256c0676e22c61d7_M.jpg","contentUrl":"https:\/\/veinsxrubi.org\/wp-content\/uploads\/2022\/04\/035ab0ced46cf00e256c0676e22c61d7_M.jpg","width":500,"height":375},{"@type":"WebPage","@id":"https:\/\/veinsxrubi.org\/es\/la-planificacio-necessaria\/#webpage","url":"https:\/\/veinsxrubi.org\/es\/la-planificacio-necessaria\/","name":"La planificaci\u00f3 necess\u00e0ria - Ve\u00efns per Rub\u00ed","isPartOf":{"@id":"https:\/\/veinsxrubi.org\/#website"},"primaryImageOfPage":{"@id":"https:\/\/veinsxrubi.org\/es\/la-planificacio-necessaria\/#primaryimage"},"datePublished":"2018-12-13T10:51:45+00:00","dateModified":"2018-12-13T10:51:45+00:00","author":{"@id":"https:\/\/veinsxrubi.org\/#\/schema\/person\/edc38d8c6e8244476e119cd9a2520548"},"breadcrumb":{"@id":"https:\/\/veinsxrubi.org\/es\/la-planificacio-necessaria\/#breadcrumb"},"inLanguage":"es","potentialAction":[{"@type":"ReadAction","target":["https:\/\/veinsxrubi.org\/es\/la-planificacio-necessaria\/"]}]},{"@type":"BreadcrumbList","@id":"https:\/\/veinsxrubi.org\/es\/la-planificacio-necessaria\/#breadcrumb","itemListElement":[{"@type":"ListItem","position":1,"name":"Inici","item":"https:\/\/veinsxrubi.org\/es\/"},{"@type":"ListItem","position":2,"name":"La planificaci\u00f3 necess\u00e0ria"}]},{"@type":"Person","@id":"https:\/\/veinsxrubi.org\/#\/schema\/person\/edc38d8c6e8244476e119cd9a2520548","name":"mediatic-mc","image":{"@type":"ImageObject","inLanguage":"es","@id":"https:\/\/veinsxrubi.org\/#\/schema\/person\/image\/","url":"https:\/\/secure.gravatar.com\/avatar\/a1f421040c7275c3ff5f095a1201caa49ec29eb6567df6e7f04f9edd916fab55?s=96&d=mm&r=g","contentUrl":"https:\/\/secure.gravatar.com\/avatar\/a1f421040c7275c3ff5f095a1201caa49ec29eb6567df6e7f04f9edd916fab55?s=96&d=mm&r=g","caption":"mediatic-mc"},"sameAs":["http:\/\/veinsxrubi.org\/"],"url":"https:\/\/veinsxrubi.org\/es\/author\/mediatic-mc\/"}]}},"_links":{"self":[{"href":"https:\/\/veinsxrubi.org\/es\/wp-json\/wp\/v2\/posts\/989","targetHints":{"allow":["GET"]}}],"collection":[{"href":"https:\/\/veinsxrubi.org\/es\/wp-json\/wp\/v2\/posts"}],"about":[{"href":"https:\/\/veinsxrubi.org\/es\/wp-json\/wp\/v2\/types\/post"}],"author":[{"embeddable":true,"href":"https:\/\/veinsxrubi.org\/es\/wp-json\/wp\/v2\/users\/1"}],"replies":[{"embeddable":true,"href":"https:\/\/veinsxrubi.org\/es\/wp-json\/wp\/v2\/comments?post=989"}],"version-history":[{"count":0,"href":"https:\/\/veinsxrubi.org\/es\/wp-json\/wp\/v2\/posts\/989\/revisions"}],"wp:featuredmedia":[{"embeddable":true,"href":"https:\/\/veinsxrubi.org\/es\/wp-json\/wp\/v2\/media\/842"}],"wp:attachment":[{"href":"https:\/\/veinsxrubi.org\/es\/wp-json\/wp\/v2\/media?parent=989"}],"wp:term":[{"taxonomy":"category","embeddable":true,"href":"https:\/\/veinsxrubi.org\/es\/wp-json\/wp\/v2\/categories?post=989"},{"taxonomy":"post_tag","embeddable":true,"href":"https:\/\/veinsxrubi.org\/es\/wp-json\/wp\/v2\/tags?post=989"}],"curies":[{"name":"wp","href":"https:\/\/api.w.org\/{rel}","templated":true}]}}