{"id":987,"date":"2019-02-05T09:26:06","date_gmt":"2019-02-05T09:26:06","guid":{"rendered":"http:\/\/veinsxrubi.org\/veins-per-rubi-lamenta-el-mal-estat-de-les-urbanitzacions-en-una-visita-a-can-barcelo\/"},"modified":"2019-02-05T09:26:06","modified_gmt":"2019-02-05T09:26:06","slug":"veins-per-rubi-lamenta-el-mal-estat-de-les-urbanitzacions-en-una-visita-a-can-barcelo","status":"publish","type":"post","link":"https:\/\/veinsxrubi.org\/es\/veins-per-rubi-lamenta-el-mal-estat-de-les-urbanitzacions-en-una-visita-a-can-barcelo\/","title":{"rendered":"Ve\u00efns per Rub\u00ed lamenta el mal estat de les urbanitzacions en una visita a Can Barcel\u00f3"},"content":{"rendered":"<p>[et_pb_section fb_built=\u00bb1&#8243; theme_builder_area=\u00bbpost_content\u00bb _builder_version=\u00bb4.17.0&#8243; _module_preset=\u00bbdefault\u00bb][et_pb_row _builder_version=\u00bb4.17.0&#8243; _module_preset=\u00bbdefault\u00bb theme_builder_area=\u00bbpost_content\u00bb][et_pb_column _builder_version=\u00bb4.17.0&#8243; _module_preset=\u00bbdefault\u00bb type=\u00bb4_4&#8243; theme_builder_area=\u00bbpost_content\u00bb][et_pb_text _builder_version=\u00bb4.17.0&#8243; _module_preset=\u00bbdefault\u00bb theme_builder_area=\u00bbpost_content\u00bb text_font=\u00bbHenjuBold|300|||||||\u00bb text_font_size=\u00bb14pt\u00bb text_line_height=\u00bb21pt\u00bb text_text_color=\u00bb#3a3a3a\u00bb hover_enabled=\u00bb0&#8243; sticky_enabled=\u00bb0&#8243;]<\/p>\n<p>TOT RUB\u00cd<\/p>\n<p>[\/et_pb_text][et_pb_text _builder_version=\u00bb4.17.0&#8243; _module_preset=\u00bbdefault\u00bb theme_builder_area=\u00bbpost_content\u00bb text_font=\u00bbHenjuLight|300|||||||\u00bb text_font_size=\u00bb14pt\u00bb text_line_height=\u00bb21pt\u00bb text_text_color=\u00bb#3a3a3a\u00bb hover_enabled=\u00bb0&#8243; sticky_enabled=\u00bb0&#8243;]El manteniment, la neteja i els serveis en general s\u00f3n mancances que la formaci\u00f3 considera que empitjoren fora del nucli urb\u00e0<\/p>\n<p>Ve\u00efns per Rub\u00ed ha valorat l\u2019estat actual de les urbanitzacions de la ciutat. La formaci\u00f3 considera que el manteniment, la neteja i els serveis a la ciutat s\u00f3n \u201cmolt deficients\u201d. I afegeixen que la situaci\u00f3 s\u2019agreuja a mesura que ens allunyem del nucli urb\u00e0.<\/p>\n<p>VR afirma que fa 15 anys que les urbanitzacions pateixen mancances importants en relaci\u00f3 amb la resta del municipi. En aquest sentit valora de manera molt negativa els serveis de manteniment, recollida de residus, neteja, transport urb\u00e0, serveis de telecomunicacions, equipaments i pres\u00e8ncia policial, entre d\u2019altres.<\/p>\n<p>Estat de les urbanitzacions | VE\u00cfNS PER RUB\u00cd<\/p>\n<p>Tot i que han detectat mancances compartides per totes les urbanitzacions, n\u2019hi ha que s\u00f3n espec\u00edfiques de cadascuna d\u2019elles. Per exemple, Sant Mu\u00e7 no disposa de servei Universal de Correus, ni servei de Fibra \u00d2ptica, o a Can Barcel\u00f3 el servei de transport p\u00fablic no arriba dins de la urbanitzaci\u00f3.<\/p>\n<p>Representants de Ve\u00efns per Rub\u00ed han fet una visita, precisament a Can Barcel\u00f3, on han pogut parlar amb alguns residents a la zona. Una ve\u00efna, S\u00f2nia G\u00f3mez, ha explicat la manca de manteniment als talussos que envolten gran part del barri, que van causar greus problemes amb les pluges del passat 15 de novembre. G\u00f3mez tamb\u00e9 ha detallar el mal estat de les voreres, dels carrers, la manca d\u2019equipaments, l\u2019exist\u00e8ncia nom\u00e9s d\u2019un parc infantil o que el transport p\u00fablic urb\u00e0 no entra dins la urbanitzaci\u00f3. Aquesta \u00faltima mancan\u00e7a, assegura S\u00f2nia G\u00f3mez, \u201cobliga alguns ve\u00efns a caminar una mitjana de dos quil\u00f2metres fins a la parada d\u2019autob\u00fas m\u00e9s propera, situada al Cam\u00ed d\u2019Ullastrell\u201d.<\/p>\n<p>Ve\u00efns per Rub\u00ed demanen que, com a m\u00ednim, un 15% del pressupost d\u2019inversions ordinari es destini a les urbanitzacions.[\/et_pb_text][\/et_pb_column][\/et_pb_row][\/et_pb_section]<\/p>\n","protected":false},"excerpt":{"rendered":"<p>TOT RUB\u00cdEl manteniment, la neteja i els serveis en general s\u00f3n mancances que la formaci\u00f3 considera que empitjoren fora del nucli urb\u00e0 Ve\u00efns per Rub\u00ed ha valorat l\u2019estat actual de les urbanitzacions de la ciutat. La formaci\u00f3 considera que el manteniment, la neteja i els serveis a la ciutat s\u00f3n \u201cmolt deficients\u201d. I afegeixen que [&hellip;]<\/p>\n","protected":false},"author":1,"featured_media":826,"comment_status":"open","ping_status":"open","sticky":false,"template":"","format":"standard","meta":{"_et_pb_use_builder":"on","_et_pb_old_content":"","_et_gb_content_width":"","inline_featured_image":false,"footnotes":""},"categories":[17],"tags":[],"class_list":["post-987","post","type-post","status-publish","format-standard","has-post-thumbnail","hentry","category-noticies-es"],"yoast_head":"<!-- This site is optimized with the Yoast SEO plugin v18.7 - https:\/\/yoast.com\/wordpress\/plugins\/seo\/ -->\n<title>Ve\u00efns per Rub\u00ed lamenta el mal estat de les urbanitzacions en una visita a Can Barcel\u00f3 - Ve\u00efns per Rub\u00ed<\/title>\n<meta name=\"robots\" content=\"index, follow, max-snippet:-1, max-image-preview:large, max-video-preview:-1\" \/>\n<link rel=\"canonical\" href=\"https:\/\/veinsxrubi.org\/es\/veins-per-rubi-lamenta-el-mal-estat-de-les-urbanitzacions-en-una-visita-a-can-barcelo\/\" \/>\n<meta property=\"og:locale\" content=\"es_ES\" \/>\n<meta property=\"og:type\" content=\"article\" \/>\n<meta property=\"og:title\" content=\"Ve\u00efns per Rub\u00ed lamenta el mal estat de les urbanitzacions en una visita a Can Barcel\u00f3 - Ve\u00efns per Rub\u00ed\" \/>\n<meta property=\"og:description\" content=\"TOT RUB\u00cdEl manteniment, la neteja i els serveis en general s\u00f3n mancances que la formaci\u00f3 considera que empitjoren fora del nucli urb\u00e0 Ve\u00efns per Rub\u00ed ha valorat l\u2019estat actual de les urbanitzacions de la ciutat. La formaci\u00f3 considera que el manteniment, la neteja i els serveis a la ciutat s\u00f3n \u201cmolt deficients\u201d. I afegeixen que [&hellip;]\" \/>\n<meta property=\"og:url\" content=\"https:\/\/veinsxrubi.org\/es\/veins-per-rubi-lamenta-el-mal-estat-de-les-urbanitzacions-en-una-visita-a-can-barcelo\/\" \/>\n<meta property=\"og:site_name\" content=\"Ve\u00efns per Rub\u00ed\" \/>\n<meta property=\"article:published_time\" content=\"2019-02-05T09:26:06+00:00\" \/>\n<meta property=\"og:image\" content=\"https:\/\/veinsxrubi.org\/wp-content\/uploads\/2022\/04\/imatges-de-lestat-de-les-urbanitzacions-5c59505a3454c.jpg\" \/>\n\t<meta property=\"og:image:width\" content=\"760\" \/>\n\t<meta property=\"og:image:height\" content=\"452\" \/>\n\t<meta property=\"og:image:type\" content=\"image\/jpeg\" \/>\n<meta name=\"twitter:card\" content=\"summary_large_image\" \/>\n<meta name=\"twitter:label1\" content=\"Escrito por\" \/>\n\t<meta name=\"twitter:data1\" content=\"mediatic-mc\" \/>\n\t<meta name=\"twitter:label2\" content=\"Tiempo de lectura\" \/>\n\t<meta name=\"twitter:data2\" content=\"2 minutos\" \/>\n<script type=\"application\/ld+json\" class=\"yoast-schema-graph\">{\"@context\":\"https:\/\/schema.org\",\"@graph\":[{\"@type\":\"WebSite\",\"@id\":\"https:\/\/veinsxrubi.org\/#website\",\"url\":\"https:\/\/veinsxrubi.org\/\",\"name\":\"Ve\u00efns per Rub\u00ed\",\"description\":\"\",\"potentialAction\":[{\"@type\":\"SearchAction\",\"target\":{\"@type\":\"EntryPoint\",\"urlTemplate\":\"https:\/\/veinsxrubi.org\/?s={search_term_string}\"},\"query-input\":\"required name=search_term_string\"}],\"inLanguage\":\"es\"},{\"@type\":\"ImageObject\",\"inLanguage\":\"es\",\"@id\":\"https:\/\/veinsxrubi.org\/es\/veins-per-rubi-lamenta-el-mal-estat-de-les-urbanitzacions-en-una-visita-a-can-barcelo\/#primaryimage\",\"url\":\"https:\/\/veinsxrubi.org\/wp-content\/uploads\/2022\/04\/imatges-de-lestat-de-les-urbanitzacions-5c59505a3454c.jpg\",\"contentUrl\":\"https:\/\/veinsxrubi.org\/wp-content\/uploads\/2022\/04\/imatges-de-lestat-de-les-urbanitzacions-5c59505a3454c.jpg\",\"width\":760,\"height\":452},{\"@type\":\"WebPage\",\"@id\":\"https:\/\/veinsxrubi.org\/es\/veins-per-rubi-lamenta-el-mal-estat-de-les-urbanitzacions-en-una-visita-a-can-barcelo\/#webpage\",\"url\":\"https:\/\/veinsxrubi.org\/es\/veins-per-rubi-lamenta-el-mal-estat-de-les-urbanitzacions-en-una-visita-a-can-barcelo\/\",\"name\":\"Ve\u00efns per Rub\u00ed lamenta el mal estat de les urbanitzacions en una visita a Can Barcel\u00f3 - Ve\u00efns per Rub\u00ed\",\"isPartOf\":{\"@id\":\"https:\/\/veinsxrubi.org\/#website\"},\"primaryImageOfPage\":{\"@id\":\"https:\/\/veinsxrubi.org\/es\/veins-per-rubi-lamenta-el-mal-estat-de-les-urbanitzacions-en-una-visita-a-can-barcelo\/#primaryimage\"},\"datePublished\":\"2019-02-05T09:26:06+00:00\",\"dateModified\":\"2019-02-05T09:26:06+00:00\",\"author\":{\"@id\":\"https:\/\/veinsxrubi.org\/#\/schema\/person\/edc38d8c6e8244476e119cd9a2520548\"},\"breadcrumb\":{\"@id\":\"https:\/\/veinsxrubi.org\/es\/veins-per-rubi-lamenta-el-mal-estat-de-les-urbanitzacions-en-una-visita-a-can-barcelo\/#breadcrumb\"},\"inLanguage\":\"es\",\"potentialAction\":[{\"@type\":\"ReadAction\",\"target\":[\"https:\/\/veinsxrubi.org\/es\/veins-per-rubi-lamenta-el-mal-estat-de-les-urbanitzacions-en-una-visita-a-can-barcelo\/\"]}]},{\"@type\":\"BreadcrumbList\",\"@id\":\"https:\/\/veinsxrubi.org\/es\/veins-per-rubi-lamenta-el-mal-estat-de-les-urbanitzacions-en-una-visita-a-can-barcelo\/#breadcrumb\",\"itemListElement\":[{\"@type\":\"ListItem\",\"position\":1,\"name\":\"Inici\",\"item\":\"https:\/\/veinsxrubi.org\/es\/\"},{\"@type\":\"ListItem\",\"position\":2,\"name\":\"Ve\u00efns per Rub\u00ed lamenta el mal estat de les urbanitzacions en una visita a Can Barcel\u00f3\"}]},{\"@type\":\"Person\",\"@id\":\"https:\/\/veinsxrubi.org\/#\/schema\/person\/edc38d8c6e8244476e119cd9a2520548\",\"name\":\"mediatic-mc\",\"image\":{\"@type\":\"ImageObject\",\"inLanguage\":\"es\",\"@id\":\"https:\/\/veinsxrubi.org\/#\/schema\/person\/image\/\",\"url\":\"https:\/\/secure.gravatar.com\/avatar\/a1f421040c7275c3ff5f095a1201caa49ec29eb6567df6e7f04f9edd916fab55?s=96&d=mm&r=g\",\"contentUrl\":\"https:\/\/secure.gravatar.com\/avatar\/a1f421040c7275c3ff5f095a1201caa49ec29eb6567df6e7f04f9edd916fab55?s=96&d=mm&r=g\",\"caption\":\"mediatic-mc\"},\"sameAs\":[\"http:\/\/veinsxrubi.org\/\"],\"url\":\"https:\/\/veinsxrubi.org\/es\/author\/mediatic-mc\/\"}]}<\/script>\n<!-- \/ Yoast SEO plugin. -->","yoast_head_json":{"title":"Ve\u00efns per Rub\u00ed lamenta el mal estat de les urbanitzacions en una visita a Can Barcel\u00f3 - Ve\u00efns per Rub\u00ed","robots":{"index":"index","follow":"follow","max-snippet":"max-snippet:-1","max-image-preview":"max-image-preview:large","max-video-preview":"max-video-preview:-1"},"canonical":"https:\/\/veinsxrubi.org\/es\/veins-per-rubi-lamenta-el-mal-estat-de-les-urbanitzacions-en-una-visita-a-can-barcelo\/","og_locale":"es_ES","og_type":"article","og_title":"Ve\u00efns per Rub\u00ed lamenta el mal estat de les urbanitzacions en una visita a Can Barcel\u00f3 - Ve\u00efns per Rub\u00ed","og_description":"TOT RUB\u00cdEl manteniment, la neteja i els serveis en general s\u00f3n mancances que la formaci\u00f3 considera que empitjoren fora del nucli urb\u00e0 Ve\u00efns per Rub\u00ed ha valorat l\u2019estat actual de les urbanitzacions de la ciutat. La formaci\u00f3 considera que el manteniment, la neteja i els serveis a la ciutat s\u00f3n \u201cmolt deficients\u201d. I afegeixen que [&hellip;]","og_url":"https:\/\/veinsxrubi.org\/es\/veins-per-rubi-lamenta-el-mal-estat-de-les-urbanitzacions-en-una-visita-a-can-barcelo\/","og_site_name":"Ve\u00efns per Rub\u00ed","article_published_time":"2019-02-05T09:26:06+00:00","og_image":[{"width":760,"height":452,"url":"https:\/\/veinsxrubi.org\/wp-content\/uploads\/2022\/04\/imatges-de-lestat-de-les-urbanitzacions-5c59505a3454c.jpg","type":"image\/jpeg"}],"twitter_card":"summary_large_image","twitter_misc":{"Escrito por":"mediatic-mc","Tiempo de lectura":"2 minutos"},"schema":{"@context":"https:\/\/schema.org","@graph":[{"@type":"WebSite","@id":"https:\/\/veinsxrubi.org\/#website","url":"https:\/\/veinsxrubi.org\/","name":"Ve\u00efns per Rub\u00ed","description":"","potentialAction":[{"@type":"SearchAction","target":{"@type":"EntryPoint","urlTemplate":"https:\/\/veinsxrubi.org\/?s={search_term_string}"},"query-input":"required name=search_term_string"}],"inLanguage":"es"},{"@type":"ImageObject","inLanguage":"es","@id":"https:\/\/veinsxrubi.org\/es\/veins-per-rubi-lamenta-el-mal-estat-de-les-urbanitzacions-en-una-visita-a-can-barcelo\/#primaryimage","url":"https:\/\/veinsxrubi.org\/wp-content\/uploads\/2022\/04\/imatges-de-lestat-de-les-urbanitzacions-5c59505a3454c.jpg","contentUrl":"https:\/\/veinsxrubi.org\/wp-content\/uploads\/2022\/04\/imatges-de-lestat-de-les-urbanitzacions-5c59505a3454c.jpg","width":760,"height":452},{"@type":"WebPage","@id":"https:\/\/veinsxrubi.org\/es\/veins-per-rubi-lamenta-el-mal-estat-de-les-urbanitzacions-en-una-visita-a-can-barcelo\/#webpage","url":"https:\/\/veinsxrubi.org\/es\/veins-per-rubi-lamenta-el-mal-estat-de-les-urbanitzacions-en-una-visita-a-can-barcelo\/","name":"Ve\u00efns per Rub\u00ed lamenta el mal estat de les urbanitzacions en una visita a Can Barcel\u00f3 - Ve\u00efns per Rub\u00ed","isPartOf":{"@id":"https:\/\/veinsxrubi.org\/#website"},"primaryImageOfPage":{"@id":"https:\/\/veinsxrubi.org\/es\/veins-per-rubi-lamenta-el-mal-estat-de-les-urbanitzacions-en-una-visita-a-can-barcelo\/#primaryimage"},"datePublished":"2019-02-05T09:26:06+00:00","dateModified":"2019-02-05T09:26:06+00:00","author":{"@id":"https:\/\/veinsxrubi.org\/#\/schema\/person\/edc38d8c6e8244476e119cd9a2520548"},"breadcrumb":{"@id":"https:\/\/veinsxrubi.org\/es\/veins-per-rubi-lamenta-el-mal-estat-de-les-urbanitzacions-en-una-visita-a-can-barcelo\/#breadcrumb"},"inLanguage":"es","potentialAction":[{"@type":"ReadAction","target":["https:\/\/veinsxrubi.org\/es\/veins-per-rubi-lamenta-el-mal-estat-de-les-urbanitzacions-en-una-visita-a-can-barcelo\/"]}]},{"@type":"BreadcrumbList","@id":"https:\/\/veinsxrubi.org\/es\/veins-per-rubi-lamenta-el-mal-estat-de-les-urbanitzacions-en-una-visita-a-can-barcelo\/#breadcrumb","itemListElement":[{"@type":"ListItem","position":1,"name":"Inici","item":"https:\/\/veinsxrubi.org\/es\/"},{"@type":"ListItem","position":2,"name":"Ve\u00efns per Rub\u00ed lamenta el mal estat de les urbanitzacions en una visita a Can Barcel\u00f3"}]},{"@type":"Person","@id":"https:\/\/veinsxrubi.org\/#\/schema\/person\/edc38d8c6e8244476e119cd9a2520548","name":"mediatic-mc","image":{"@type":"ImageObject","inLanguage":"es","@id":"https:\/\/veinsxrubi.org\/#\/schema\/person\/image\/","url":"https:\/\/secure.gravatar.com\/avatar\/a1f421040c7275c3ff5f095a1201caa49ec29eb6567df6e7f04f9edd916fab55?s=96&d=mm&r=g","contentUrl":"https:\/\/secure.gravatar.com\/avatar\/a1f421040c7275c3ff5f095a1201caa49ec29eb6567df6e7f04f9edd916fab55?s=96&d=mm&r=g","caption":"mediatic-mc"},"sameAs":["http:\/\/veinsxrubi.org\/"],"url":"https:\/\/veinsxrubi.org\/es\/author\/mediatic-mc\/"}]}},"_links":{"self":[{"href":"https:\/\/veinsxrubi.org\/es\/wp-json\/wp\/v2\/posts\/987","targetHints":{"allow":["GET"]}}],"collection":[{"href":"https:\/\/veinsxrubi.org\/es\/wp-json\/wp\/v2\/posts"}],"about":[{"href":"https:\/\/veinsxrubi.org\/es\/wp-json\/wp\/v2\/types\/post"}],"author":[{"embeddable":true,"href":"https:\/\/veinsxrubi.org\/es\/wp-json\/wp\/v2\/users\/1"}],"replies":[{"embeddable":true,"href":"https:\/\/veinsxrubi.org\/es\/wp-json\/wp\/v2\/comments?post=987"}],"version-history":[{"count":0,"href":"https:\/\/veinsxrubi.org\/es\/wp-json\/wp\/v2\/posts\/987\/revisions"}],"wp:featuredmedia":[{"embeddable":true,"href":"https:\/\/veinsxrubi.org\/es\/wp-json\/wp\/v2\/media\/826"}],"wp:attachment":[{"href":"https:\/\/veinsxrubi.org\/es\/wp-json\/wp\/v2\/media?parent=987"}],"wp:term":[{"taxonomy":"category","embeddable":true,"href":"https:\/\/veinsxrubi.org\/es\/wp-json\/wp\/v2\/categories?post=987"},{"taxonomy":"post_tag","embeddable":true,"href":"https:\/\/veinsxrubi.org\/es\/wp-json\/wp\/v2\/tags?post=987"}],"curies":[{"name":"wp","href":"https:\/\/api.w.org\/{rel}","templated":true}]}}