{"id":986,"date":"2019-02-14T09:19:59","date_gmt":"2019-02-14T09:19:59","guid":{"rendered":"http:\/\/veinsxrubi.org\/veins-per-rubi-denuncia-la-incapacitat-del-govern-fins-i-tot-per-gestionar-una-comissio-informativa\/"},"modified":"2019-02-14T09:19:59","modified_gmt":"2019-02-14T09:19:59","slug":"veins-per-rubi-denuncia-la-incapacitat-del-govern-fins-i-tot-per-gestionar-una-comissio-informativa","status":"publish","type":"post","link":"https:\/\/veinsxrubi.org\/es\/veins-per-rubi-denuncia-la-incapacitat-del-govern-fins-i-tot-per-gestionar-una-comissio-informativa\/","title":{"rendered":"Ve\u00efns per Rub\u00ed denuncia \u201cla incapacitat del govern fins i tot per gestionar una comissi\u00f3 Informativa\u201d"},"content":{"rendered":"<p>[et_pb_section fb_built=\u00bb1&#8243; theme_builder_area=\u00bbpost_content\u00bb _builder_version=\u00bb4.17.0&#8243; _module_preset=\u00bbdefault\u00bb][et_pb_row _builder_version=\u00bb4.17.0&#8243; _module_preset=\u00bbdefault\u00bb theme_builder_area=\u00bbpost_content\u00bb][et_pb_column _builder_version=\u00bb4.17.0&#8243; _module_preset=\u00bbdefault\u00bb type=\u00bb4_4&#8243; theme_builder_area=\u00bbpost_content\u00bb][et_pb_text _builder_version=\u00bb4.17.0&#8243; _module_preset=\u00bbdefault\u00bb theme_builder_area=\u00bbpost_content\u00bb text_font=\u00bbHenjuBold|700|||||||\u00bb text_text_color=\u00bb#3a3a3a\u00bb text_font_size=\u00bb14pt\u00bb text_line_height=\u00bb21pt\u00bb hover_enabled=\u00bb0&#8243; sticky_enabled=\u00bb0&#8243;]DIARI DE RUB\u00cd[\/et_pb_text][et_pb_text _builder_version=\u00bb4.17.0&#8243; _module_preset=\u00bbdefault\u00bb theme_builder_area=\u00bbpost_content\u00bb text_font=\u00bbHenjuLight||||||||\u00bb text_text_color=\u00bb#3a3a3a\u00bb text_font_size=\u00bb14pt\u00bb text_line_height=\u00bb21pt\u00bb hover_enabled=\u00bb0&#8243; sticky_enabled=\u00bb0&#8243;]Ve\u00efns per Rub\u00ed ha criticat les formes del govern municipal en la convocat\u00f2ria d\u2019una Comissi\u00f3 Informativa Extraordin\u00e0ria i Urgent per informar sobre l\u2019expedient d\u2019aprovaci\u00f3 inicial del Pressupost 2019 i poder portar-ho a Ple. Segons el portaveu de la formaci\u00f3, Antoni Garc\u00eda, es va avisar per mail i sense aportar informaci\u00f3. La comissi\u00f3 no es va poder dur a terme perqu\u00e8 l\u2019oposici\u00f3 no va aprovar la urg\u00e8ncia de la convocat\u00f2ria, per aquests motius. Si no s\u2019aproven els pressupostos, el consistori haur\u00e0 de seguir treballant amb els comptes de 2018 prorrogats.<\/p>\n<p>Toni Garc\u00eda, portaveu de Ve\u00efns per Rub\u00ed, assegura que l\u2019executiu local no t\u00e9 els suports necessaris per aprovar el pressupost de 2019. Per tot plegat, Garcia ha reiterat les seves cr\u00edtiques al govern municipal. \u201cAquesta situaci\u00f3 mostra de nou el que hem denunciat moltes vegades, la incapacitat de governar aquesta ciutat per part de l\u2019actual PSC\u201d, apunta el portaveu de la formaci\u00f3, qui lamenta que \u201cels ve\u00efns i ve\u00efnes de Rub\u00ed paguem les conseq\u00fc\u00e8ncies d\u2019aquesta incapacitat de gesti\u00f3\u201d.<\/p>\n<p>Ve\u00efns per Rub\u00ed ha reiterat diverses demandes per poder votar de forma favorable als pressupostos municipals per al 2019. Entre aquestes hi ha un m\u00ednim d\u2019un 15% de la inversi\u00f3 ordin\u00e0ria en el pressupost per a urbanitzacions, una pol\u00edtica m\u00e9s ambiciosa i efectiva per incrementar el parc p\u00fablic municipal d\u2019habitatge, un increment dels llindars d\u2019ingressos en les bases per accedir a ajudes per pagar l\u2019IBI, una planificaci\u00f3 exhaustiva a 4 anys de les inversions, un pla de manteniment planificat, aix\u00ed com la supressi\u00f3 dels c\u00e0rrecs de confian\u00e7a del govern municipal, \u201cque s\u00f3n una mostra evident de la pol\u00edtica del PSC basada en el clientelisme, l\u2019amiguisme i el nepotisme\u201d.[\/et_pb_text][\/et_pb_column][\/et_pb_row][\/et_pb_section]<\/p>\n","protected":false},"excerpt":{"rendered":"<p>DIARI DE RUB\u00cdVe\u00efns per Rub\u00ed ha criticat les formes del govern municipal en la convocat\u00f2ria d\u2019una Comissi\u00f3 Informativa Extraordin\u00e0ria i Urgent per informar sobre l\u2019expedient d\u2019aprovaci\u00f3 inicial del Pressupost 2019 i poder portar-ho a Ple. Segons el portaveu de la formaci\u00f3, Antoni Garc\u00eda, es va avisar per mail i sense aportar informaci\u00f3. La comissi\u00f3 no [&hellip;]<\/p>\n","protected":false},"author":1,"featured_media":825,"comment_status":"open","ping_status":"open","sticky":false,"template":"","format":"standard","meta":{"_et_pb_use_builder":"on","_et_pb_old_content":"","_et_gb_content_width":"","inline_featured_image":false,"footnotes":""},"categories":[17],"tags":[],"class_list":["post-986","post","type-post","status-publish","format-standard","has-post-thumbnail","hentry","category-noticies-es"],"yoast_head":"<!-- This site is optimized with the Yoast SEO plugin v18.7 - https:\/\/yoast.com\/wordpress\/plugins\/seo\/ -->\n<title>Ve\u00efns per Rub\u00ed denuncia \u201cla incapacitat del govern fins i tot per gestionar una comissi\u00f3 Informativa\u201d - Ve\u00efns per Rub\u00ed<\/title>\n<meta name=\"robots\" content=\"index, follow, max-snippet:-1, max-image-preview:large, max-video-preview:-1\" \/>\n<link rel=\"canonical\" href=\"https:\/\/veinsxrubi.org\/es\/veins-per-rubi-denuncia-la-incapacitat-del-govern-fins-i-tot-per-gestionar-una-comissio-informativa\/\" \/>\n<meta property=\"og:locale\" content=\"es_ES\" \/>\n<meta property=\"og:type\" content=\"article\" \/>\n<meta property=\"og:title\" content=\"Ve\u00efns per Rub\u00ed denuncia \u201cla incapacitat del govern fins i tot per gestionar una comissi\u00f3 Informativa\u201d - Ve\u00efns per Rub\u00ed\" \/>\n<meta property=\"og:description\" content=\"DIARI DE RUB\u00cdVe\u00efns per Rub\u00ed ha criticat les formes del govern municipal en la convocat\u00f2ria d\u2019una Comissi\u00f3 Informativa Extraordin\u00e0ria i Urgent per informar sobre l\u2019expedient d\u2019aprovaci\u00f3 inicial del Pressupost 2019 i poder portar-ho a Ple. Segons el portaveu de la formaci\u00f3, Antoni Garc\u00eda, es va avisar per mail i sense aportar informaci\u00f3. La comissi\u00f3 no [&hellip;]\" \/>\n<meta property=\"og:url\" content=\"https:\/\/veinsxrubi.org\/es\/veins-per-rubi-denuncia-la-incapacitat-del-govern-fins-i-tot-per-gestionar-una-comissio-informativa\/\" \/>\n<meta property=\"og:site_name\" content=\"Ve\u00efns per Rub\u00ed\" \/>\n<meta property=\"article:published_time\" content=\"2019-02-14T09:19:59+00:00\" \/>\n<meta property=\"og:image\" content=\"https:\/\/veinsxrubi.org\/wp-content\/uploads\/2022\/04\/33139-2000x1200-1.jpg\" \/>\n\t<meta property=\"og:image:width\" content=\"706\" \/>\n\t<meta property=\"og:image:height\" content=\"452\" \/>\n\t<meta property=\"og:image:type\" content=\"image\/jpeg\" \/>\n<meta name=\"twitter:card\" content=\"summary_large_image\" \/>\n<meta name=\"twitter:label1\" content=\"Escrito por\" \/>\n\t<meta name=\"twitter:data1\" content=\"mediatic-mc\" \/>\n\t<meta name=\"twitter:label2\" content=\"Tiempo de lectura\" \/>\n\t<meta name=\"twitter:data2\" content=\"2 minutos\" \/>\n<script type=\"application\/ld+json\" class=\"yoast-schema-graph\">{\"@context\":\"https:\/\/schema.org\",\"@graph\":[{\"@type\":\"WebSite\",\"@id\":\"https:\/\/veinsxrubi.org\/#website\",\"url\":\"https:\/\/veinsxrubi.org\/\",\"name\":\"Ve\u00efns per Rub\u00ed\",\"description\":\"\",\"potentialAction\":[{\"@type\":\"SearchAction\",\"target\":{\"@type\":\"EntryPoint\",\"urlTemplate\":\"https:\/\/veinsxrubi.org\/?s={search_term_string}\"},\"query-input\":\"required name=search_term_string\"}],\"inLanguage\":\"es\"},{\"@type\":\"ImageObject\",\"inLanguage\":\"es\",\"@id\":\"https:\/\/veinsxrubi.org\/es\/veins-per-rubi-denuncia-la-incapacitat-del-govern-fins-i-tot-per-gestionar-una-comissio-informativa\/#primaryimage\",\"url\":\"https:\/\/veinsxrubi.org\/wp-content\/uploads\/2022\/04\/33139-2000x1200-1.jpg\",\"contentUrl\":\"https:\/\/veinsxrubi.org\/wp-content\/uploads\/2022\/04\/33139-2000x1200-1.jpg\",\"width\":706,\"height\":452},{\"@type\":\"WebPage\",\"@id\":\"https:\/\/veinsxrubi.org\/es\/veins-per-rubi-denuncia-la-incapacitat-del-govern-fins-i-tot-per-gestionar-una-comissio-informativa\/#webpage\",\"url\":\"https:\/\/veinsxrubi.org\/es\/veins-per-rubi-denuncia-la-incapacitat-del-govern-fins-i-tot-per-gestionar-una-comissio-informativa\/\",\"name\":\"Ve\u00efns per Rub\u00ed denuncia \u201cla incapacitat del govern fins i tot per gestionar una comissi\u00f3 Informativa\u201d - Ve\u00efns per Rub\u00ed\",\"isPartOf\":{\"@id\":\"https:\/\/veinsxrubi.org\/#website\"},\"primaryImageOfPage\":{\"@id\":\"https:\/\/veinsxrubi.org\/es\/veins-per-rubi-denuncia-la-incapacitat-del-govern-fins-i-tot-per-gestionar-una-comissio-informativa\/#primaryimage\"},\"datePublished\":\"2019-02-14T09:19:59+00:00\",\"dateModified\":\"2019-02-14T09:19:59+00:00\",\"author\":{\"@id\":\"https:\/\/veinsxrubi.org\/#\/schema\/person\/edc38d8c6e8244476e119cd9a2520548\"},\"breadcrumb\":{\"@id\":\"https:\/\/veinsxrubi.org\/es\/veins-per-rubi-denuncia-la-incapacitat-del-govern-fins-i-tot-per-gestionar-una-comissio-informativa\/#breadcrumb\"},\"inLanguage\":\"es\",\"potentialAction\":[{\"@type\":\"ReadAction\",\"target\":[\"https:\/\/veinsxrubi.org\/es\/veins-per-rubi-denuncia-la-incapacitat-del-govern-fins-i-tot-per-gestionar-una-comissio-informativa\/\"]}]},{\"@type\":\"BreadcrumbList\",\"@id\":\"https:\/\/veinsxrubi.org\/es\/veins-per-rubi-denuncia-la-incapacitat-del-govern-fins-i-tot-per-gestionar-una-comissio-informativa\/#breadcrumb\",\"itemListElement\":[{\"@type\":\"ListItem\",\"position\":1,\"name\":\"Inici\",\"item\":\"https:\/\/veinsxrubi.org\/es\/\"},{\"@type\":\"ListItem\",\"position\":2,\"name\":\"Ve\u00efns per Rub\u00ed denuncia \u201cla incapacitat del govern fins i tot per gestionar una comissi\u00f3 Informativa\u201d\"}]},{\"@type\":\"Person\",\"@id\":\"https:\/\/veinsxrubi.org\/#\/schema\/person\/edc38d8c6e8244476e119cd9a2520548\",\"name\":\"mediatic-mc\",\"image\":{\"@type\":\"ImageObject\",\"inLanguage\":\"es\",\"@id\":\"https:\/\/veinsxrubi.org\/#\/schema\/person\/image\/\",\"url\":\"https:\/\/secure.gravatar.com\/avatar\/a1f421040c7275c3ff5f095a1201caa49ec29eb6567df6e7f04f9edd916fab55?s=96&d=mm&r=g\",\"contentUrl\":\"https:\/\/secure.gravatar.com\/avatar\/a1f421040c7275c3ff5f095a1201caa49ec29eb6567df6e7f04f9edd916fab55?s=96&d=mm&r=g\",\"caption\":\"mediatic-mc\"},\"sameAs\":[\"http:\/\/veinsxrubi.org\/\"],\"url\":\"https:\/\/veinsxrubi.org\/es\/author\/mediatic-mc\/\"}]}<\/script>\n<!-- \/ Yoast SEO plugin. -->","yoast_head_json":{"title":"Ve\u00efns per Rub\u00ed denuncia \u201cla incapacitat del govern fins i tot per gestionar una comissi\u00f3 Informativa\u201d - Ve\u00efns per Rub\u00ed","robots":{"index":"index","follow":"follow","max-snippet":"max-snippet:-1","max-image-preview":"max-image-preview:large","max-video-preview":"max-video-preview:-1"},"canonical":"https:\/\/veinsxrubi.org\/es\/veins-per-rubi-denuncia-la-incapacitat-del-govern-fins-i-tot-per-gestionar-una-comissio-informativa\/","og_locale":"es_ES","og_type":"article","og_title":"Ve\u00efns per Rub\u00ed denuncia \u201cla incapacitat del govern fins i tot per gestionar una comissi\u00f3 Informativa\u201d - Ve\u00efns per Rub\u00ed","og_description":"DIARI DE RUB\u00cdVe\u00efns per Rub\u00ed ha criticat les formes del govern municipal en la convocat\u00f2ria d\u2019una Comissi\u00f3 Informativa Extraordin\u00e0ria i Urgent per informar sobre l\u2019expedient d\u2019aprovaci\u00f3 inicial del Pressupost 2019 i poder portar-ho a Ple. Segons el portaveu de la formaci\u00f3, Antoni Garc\u00eda, es va avisar per mail i sense aportar informaci\u00f3. La comissi\u00f3 no [&hellip;]","og_url":"https:\/\/veinsxrubi.org\/es\/veins-per-rubi-denuncia-la-incapacitat-del-govern-fins-i-tot-per-gestionar-una-comissio-informativa\/","og_site_name":"Ve\u00efns per Rub\u00ed","article_published_time":"2019-02-14T09:19:59+00:00","og_image":[{"width":706,"height":452,"url":"https:\/\/veinsxrubi.org\/wp-content\/uploads\/2022\/04\/33139-2000x1200-1.jpg","type":"image\/jpeg"}],"twitter_card":"summary_large_image","twitter_misc":{"Escrito por":"mediatic-mc","Tiempo de lectura":"2 minutos"},"schema":{"@context":"https:\/\/schema.org","@graph":[{"@type":"WebSite","@id":"https:\/\/veinsxrubi.org\/#website","url":"https:\/\/veinsxrubi.org\/","name":"Ve\u00efns per Rub\u00ed","description":"","potentialAction":[{"@type":"SearchAction","target":{"@type":"EntryPoint","urlTemplate":"https:\/\/veinsxrubi.org\/?s={search_term_string}"},"query-input":"required name=search_term_string"}],"inLanguage":"es"},{"@type":"ImageObject","inLanguage":"es","@id":"https:\/\/veinsxrubi.org\/es\/veins-per-rubi-denuncia-la-incapacitat-del-govern-fins-i-tot-per-gestionar-una-comissio-informativa\/#primaryimage","url":"https:\/\/veinsxrubi.org\/wp-content\/uploads\/2022\/04\/33139-2000x1200-1.jpg","contentUrl":"https:\/\/veinsxrubi.org\/wp-content\/uploads\/2022\/04\/33139-2000x1200-1.jpg","width":706,"height":452},{"@type":"WebPage","@id":"https:\/\/veinsxrubi.org\/es\/veins-per-rubi-denuncia-la-incapacitat-del-govern-fins-i-tot-per-gestionar-una-comissio-informativa\/#webpage","url":"https:\/\/veinsxrubi.org\/es\/veins-per-rubi-denuncia-la-incapacitat-del-govern-fins-i-tot-per-gestionar-una-comissio-informativa\/","name":"Ve\u00efns per Rub\u00ed denuncia \u201cla incapacitat del govern fins i tot per gestionar una comissi\u00f3 Informativa\u201d - Ve\u00efns per Rub\u00ed","isPartOf":{"@id":"https:\/\/veinsxrubi.org\/#website"},"primaryImageOfPage":{"@id":"https:\/\/veinsxrubi.org\/es\/veins-per-rubi-denuncia-la-incapacitat-del-govern-fins-i-tot-per-gestionar-una-comissio-informativa\/#primaryimage"},"datePublished":"2019-02-14T09:19:59+00:00","dateModified":"2019-02-14T09:19:59+00:00","author":{"@id":"https:\/\/veinsxrubi.org\/#\/schema\/person\/edc38d8c6e8244476e119cd9a2520548"},"breadcrumb":{"@id":"https:\/\/veinsxrubi.org\/es\/veins-per-rubi-denuncia-la-incapacitat-del-govern-fins-i-tot-per-gestionar-una-comissio-informativa\/#breadcrumb"},"inLanguage":"es","potentialAction":[{"@type":"ReadAction","target":["https:\/\/veinsxrubi.org\/es\/veins-per-rubi-denuncia-la-incapacitat-del-govern-fins-i-tot-per-gestionar-una-comissio-informativa\/"]}]},{"@type":"BreadcrumbList","@id":"https:\/\/veinsxrubi.org\/es\/veins-per-rubi-denuncia-la-incapacitat-del-govern-fins-i-tot-per-gestionar-una-comissio-informativa\/#breadcrumb","itemListElement":[{"@type":"ListItem","position":1,"name":"Inici","item":"https:\/\/veinsxrubi.org\/es\/"},{"@type":"ListItem","position":2,"name":"Ve\u00efns per Rub\u00ed denuncia \u201cla incapacitat del govern fins i tot per gestionar una comissi\u00f3 Informativa\u201d"}]},{"@type":"Person","@id":"https:\/\/veinsxrubi.org\/#\/schema\/person\/edc38d8c6e8244476e119cd9a2520548","name":"mediatic-mc","image":{"@type":"ImageObject","inLanguage":"es","@id":"https:\/\/veinsxrubi.org\/#\/schema\/person\/image\/","url":"https:\/\/secure.gravatar.com\/avatar\/a1f421040c7275c3ff5f095a1201caa49ec29eb6567df6e7f04f9edd916fab55?s=96&d=mm&r=g","contentUrl":"https:\/\/secure.gravatar.com\/avatar\/a1f421040c7275c3ff5f095a1201caa49ec29eb6567df6e7f04f9edd916fab55?s=96&d=mm&r=g","caption":"mediatic-mc"},"sameAs":["http:\/\/veinsxrubi.org\/"],"url":"https:\/\/veinsxrubi.org\/es\/author\/mediatic-mc\/"}]}},"_links":{"self":[{"href":"https:\/\/veinsxrubi.org\/es\/wp-json\/wp\/v2\/posts\/986","targetHints":{"allow":["GET"]}}],"collection":[{"href":"https:\/\/veinsxrubi.org\/es\/wp-json\/wp\/v2\/posts"}],"about":[{"href":"https:\/\/veinsxrubi.org\/es\/wp-json\/wp\/v2\/types\/post"}],"author":[{"embeddable":true,"href":"https:\/\/veinsxrubi.org\/es\/wp-json\/wp\/v2\/users\/1"}],"replies":[{"embeddable":true,"href":"https:\/\/veinsxrubi.org\/es\/wp-json\/wp\/v2\/comments?post=986"}],"version-history":[{"count":0,"href":"https:\/\/veinsxrubi.org\/es\/wp-json\/wp\/v2\/posts\/986\/revisions"}],"wp:featuredmedia":[{"embeddable":true,"href":"https:\/\/veinsxrubi.org\/es\/wp-json\/wp\/v2\/media\/825"}],"wp:attachment":[{"href":"https:\/\/veinsxrubi.org\/es\/wp-json\/wp\/v2\/media?parent=986"}],"wp:term":[{"taxonomy":"category","embeddable":true,"href":"https:\/\/veinsxrubi.org\/es\/wp-json\/wp\/v2\/categories?post=986"},{"taxonomy":"post_tag","embeddable":true,"href":"https:\/\/veinsxrubi.org\/es\/wp-json\/wp\/v2\/tags?post=986"}],"curies":[{"name":"wp","href":"https:\/\/api.w.org\/{rel}","templated":true}]}}