{"id":985,"date":"2019-02-20T10:50:28","date_gmt":"2019-02-20T10:50:28","guid":{"rendered":"http:\/\/veinsxrubi.org\/per-un-rubi-de-totes-i-tots\/"},"modified":"2019-02-20T10:50:28","modified_gmt":"2019-02-20T10:50:28","slug":"per-un-rubi-de-totes-i-tots","status":"publish","type":"post","link":"https:\/\/veinsxrubi.org\/es\/per-un-rubi-de-totes-i-tots\/","title":{"rendered":"Per un Rub\u00ed de totes i tots"},"content":{"rendered":"<p>[et_pb_section fb_built=\u00bb1&#8243; theme_builder_area=\u00bbpost_content\u00bb _builder_version=\u00bb4.17.0&#8243; _module_preset=\u00bbdefault\u00bb][et_pb_row _builder_version=\u00bb4.17.0&#8243; _module_preset=\u00bbdefault\u00bb theme_builder_area=\u00bbpost_content\u00bb][et_pb_column _builder_version=\u00bb4.17.0&#8243; _module_preset=\u00bbdefault\u00bb type=\u00bb4_4&#8243; theme_builder_area=\u00bbpost_content\u00bb][et_pb_text _builder_version=\u00bb4.17.0&#8243; _module_preset=\u00bbdefault\u00bb theme_builder_area=\u00bbpost_content\u00bb text_font=\u00bbHenjuLight|300|||||||\u00bb text_font_size=\u00bb14pt\u00bb text_line_height=\u00bb21pt\u00bb hover_enabled=\u00bb0&#8243; sticky_enabled=\u00bb0&#8243;]\u201cHem viscut molts plens municipals on la majoria de temps de debat s\u2019ha dedicat a q\u00fcestions que no s\u00f3n compet\u00e8ncia municipal\u201d<br \/>\nArriba un moment decisiu pel futur de la nostra ciutat: en tres mesos tindrem l\u2019oportunitat d\u2019escollir un nou Ple municipal en les eleccions municipals.<\/p>\n<p>Aquest \u00faltim mandat ha sigut del tot an\u00f2mal, amb un inici de mandat on l\u2019actual govern va disposar del suport, als primers pressupostos, els de 2016, d\u2019 ERC, Cs, AUP, i ICV. Fins i tot l\u2019hemeroteca recull les insinuacions d\u2019 ERC i d\u2019 ICV, en una roda de premsa conjunta, de la possibilitat d\u2019entrar en un govern amb el PSC.<\/p>\n<p>Un any despr\u00e9s es trenquen les opcions de di\u00e0leg amb un gruix important de l\u2019oposici\u00f3 amb l\u2019operaci\u00f3 \u201ctr\u00e0nsfuga\u201d, ideada per part de l\u2019alcaldessa Ana Mar\u00eda Mart\u00ednez per por a perdre l\u2019alcaldia.<\/p>\n<p>Des d\u2019aquell moment, el govern del PSC s\u2019ha mantingut en mans de Ciutadans, del Partit Popular (amb regidors despr\u00e9s expulsats del partit) i de regidors no adscrits. No \u00e9s una q\u00fcesti\u00f3 menor recordar que a Andalusia, el PP i Ciutadans, estan governant amb el suport necessari d\u2019un partit que ha demanat, entre altres q\u00fcestions molt greus, la derogaci\u00f3 de la llei contra la viol\u00e8ncia de g\u00e8nere.<\/p>\n<p>Podem recordar altres q\u00fcestions an\u00f2males que hem viscut: el tancament d\u2019un programa de R\u00e0dio Rub\u00ed per fer sat\u00edrica pol\u00edtica, la intenci\u00f3 de realitzar una obra fara\u00f2nica al Parc de ca n\u2019Oriol sense consens pol\u00edtic, l\u2019aprovaci\u00f3 provisional del POUM sense ampli consens i amb el suport de regidors no adscrits, alguns expulsats del seu partit pol\u00edtic, etc.<\/p>\n<p>D\u2019altra banda hem viscut molts plens municipals on la majoria de temps de debat s\u2019ha dedicat a q\u00fcestions que no s\u00f3n compet\u00e8ncia municipal, en molts casos, debats que han generat molta tensi\u00f3, sense la voluntat de resoldre els grans problemes que tenim com a municipi.<\/p>\n<p>Des de Ve\u00efns per Rub\u00ed sempre ens hem centrat, i ho continuarem fent, en la pol\u00edtica local i les grans necessitats i d\u00e8ficits que tenim com a municipi: manteniment de l\u2019espai urb\u00e0, neteja, falta d\u2019aparcament a molts barris, inseguretat, transpar\u00e8ncia, participaci\u00f3 ciutadana, gesti\u00f3 eficient dels recursos p\u00fablics, etc.<\/p>\n<p>Ve\u00efns per Rub\u00ed s\u2019ha convertit en l\u2019\u00fanica garantia per liderar un govern sense sectarismes, un govern per a totes les rubinenques i tots els rubinencs, des del respecte m\u00e0xim a qualsevol idea leg\u00edtima, democr\u00e0tica i pac\u00edfica de qualsevol ciutad\u00e0. En definitiva, la garantia per un Rub\u00ed de totes i tots.[\/et_pb_text][\/et_pb_column][\/et_pb_row][\/et_pb_section]<\/p>\n","protected":false},"excerpt":{"rendered":"<p>\u201cHem viscut molts plens municipals on la majoria de temps de debat s\u2019ha dedicat a q\u00fcestions que no s\u00f3n compet\u00e8ncia municipal\u201d Arriba un moment decisiu pel futur de la nostra ciutat: en tres mesos tindrem l\u2019oportunitat d\u2019escollir un nou Ple municipal en les eleccions municipals. Aquest \u00faltim mandat ha sigut del tot an\u00f2mal, amb un [&hellip;]<\/p>\n","protected":false},"author":1,"featured_media":841,"comment_status":"open","ping_status":"open","sticky":false,"template":"","format":"standard","meta":{"_et_pb_use_builder":"on","_et_pb_old_content":"","_et_gb_content_width":"","inline_featured_image":false,"footnotes":""},"categories":[16],"tags":[],"class_list":["post-985","post","type-post","status-publish","format-standard","has-post-thumbnail","hentry","category-articles-es"],"yoast_head":"<!-- This site is optimized with the Yoast SEO plugin v18.7 - https:\/\/yoast.com\/wordpress\/plugins\/seo\/ -->\n<title>Per un Rub\u00ed de totes i tots - Ve\u00efns per Rub\u00ed<\/title>\n<meta name=\"robots\" content=\"index, follow, max-snippet:-1, max-image-preview:large, max-video-preview:-1\" \/>\n<link rel=\"canonical\" href=\"https:\/\/veinsxrubi.org\/es\/per-un-rubi-de-totes-i-tots\/\" \/>\n<meta property=\"og:locale\" content=\"es_ES\" \/>\n<meta property=\"og:type\" content=\"article\" \/>\n<meta property=\"og:title\" content=\"Per un Rub\u00ed de totes i tots - Ve\u00efns per Rub\u00ed\" \/>\n<meta property=\"og:description\" content=\"\u201cHem viscut molts plens municipals on la majoria de temps de debat s\u2019ha dedicat a q\u00fcestions que no s\u00f3n compet\u00e8ncia municipal\u201d Arriba un moment decisiu pel futur de la nostra ciutat: en tres mesos tindrem l\u2019oportunitat d\u2019escollir un nou Ple municipal en les eleccions municipals. Aquest \u00faltim mandat ha sigut del tot an\u00f2mal, amb un [&hellip;]\" \/>\n<meta property=\"og:url\" content=\"https:\/\/veinsxrubi.org\/es\/per-un-rubi-de-totes-i-tots\/\" \/>\n<meta property=\"og:site_name\" content=\"Ve\u00efns per Rub\u00ed\" \/>\n<meta property=\"article:published_time\" content=\"2019-02-20T10:50:28+00:00\" \/>\n<meta property=\"og:image\" content=\"https:\/\/veinsxrubi.org\/wp-content\/uploads\/2022\/04\/2715.png\" \/>\n\t<meta property=\"og:image:width\" content=\"150\" \/>\n\t<meta property=\"og:image:height\" content=\"120\" \/>\n\t<meta property=\"og:image:type\" content=\"image\/png\" \/>\n<meta name=\"twitter:card\" content=\"summary_large_image\" \/>\n<meta name=\"twitter:label1\" content=\"Escrito por\" \/>\n\t<meta name=\"twitter:data1\" content=\"mediatic-mc\" \/>\n\t<meta name=\"twitter:label2\" content=\"Tiempo de lectura\" \/>\n\t<meta name=\"twitter:data2\" content=\"3 minutos\" \/>\n<script type=\"application\/ld+json\" class=\"yoast-schema-graph\">{\"@context\":\"https:\/\/schema.org\",\"@graph\":[{\"@type\":\"WebSite\",\"@id\":\"https:\/\/veinsxrubi.org\/#website\",\"url\":\"https:\/\/veinsxrubi.org\/\",\"name\":\"Ve\u00efns per Rub\u00ed\",\"description\":\"\",\"potentialAction\":[{\"@type\":\"SearchAction\",\"target\":{\"@type\":\"EntryPoint\",\"urlTemplate\":\"https:\/\/veinsxrubi.org\/?s={search_term_string}\"},\"query-input\":\"required name=search_term_string\"}],\"inLanguage\":\"es\"},{\"@type\":\"ImageObject\",\"inLanguage\":\"es\",\"@id\":\"https:\/\/veinsxrubi.org\/es\/per-un-rubi-de-totes-i-tots\/#primaryimage\",\"url\":\"https:\/\/veinsxrubi.org\/wp-content\/uploads\/2022\/04\/2715.png\",\"contentUrl\":\"https:\/\/veinsxrubi.org\/wp-content\/uploads\/2022\/04\/2715.png\",\"width\":150,\"height\":120},{\"@type\":\"WebPage\",\"@id\":\"https:\/\/veinsxrubi.org\/es\/per-un-rubi-de-totes-i-tots\/#webpage\",\"url\":\"https:\/\/veinsxrubi.org\/es\/per-un-rubi-de-totes-i-tots\/\",\"name\":\"Per un Rub\u00ed de totes i tots - Ve\u00efns per Rub\u00ed\",\"isPartOf\":{\"@id\":\"https:\/\/veinsxrubi.org\/#website\"},\"primaryImageOfPage\":{\"@id\":\"https:\/\/veinsxrubi.org\/es\/per-un-rubi-de-totes-i-tots\/#primaryimage\"},\"datePublished\":\"2019-02-20T10:50:28+00:00\",\"dateModified\":\"2019-02-20T10:50:28+00:00\",\"author\":{\"@id\":\"https:\/\/veinsxrubi.org\/#\/schema\/person\/edc38d8c6e8244476e119cd9a2520548\"},\"breadcrumb\":{\"@id\":\"https:\/\/veinsxrubi.org\/es\/per-un-rubi-de-totes-i-tots\/#breadcrumb\"},\"inLanguage\":\"es\",\"potentialAction\":[{\"@type\":\"ReadAction\",\"target\":[\"https:\/\/veinsxrubi.org\/es\/per-un-rubi-de-totes-i-tots\/\"]}]},{\"@type\":\"BreadcrumbList\",\"@id\":\"https:\/\/veinsxrubi.org\/es\/per-un-rubi-de-totes-i-tots\/#breadcrumb\",\"itemListElement\":[{\"@type\":\"ListItem\",\"position\":1,\"name\":\"Inici\",\"item\":\"https:\/\/veinsxrubi.org\/es\/\"},{\"@type\":\"ListItem\",\"position\":2,\"name\":\"Per un Rub\u00ed de totes i tots\"}]},{\"@type\":\"Person\",\"@id\":\"https:\/\/veinsxrubi.org\/#\/schema\/person\/edc38d8c6e8244476e119cd9a2520548\",\"name\":\"mediatic-mc\",\"image\":{\"@type\":\"ImageObject\",\"inLanguage\":\"es\",\"@id\":\"https:\/\/veinsxrubi.org\/#\/schema\/person\/image\/\",\"url\":\"https:\/\/secure.gravatar.com\/avatar\/a1f421040c7275c3ff5f095a1201caa49ec29eb6567df6e7f04f9edd916fab55?s=96&d=mm&r=g\",\"contentUrl\":\"https:\/\/secure.gravatar.com\/avatar\/a1f421040c7275c3ff5f095a1201caa49ec29eb6567df6e7f04f9edd916fab55?s=96&d=mm&r=g\",\"caption\":\"mediatic-mc\"},\"sameAs\":[\"http:\/\/veinsxrubi.org\/\"],\"url\":\"https:\/\/veinsxrubi.org\/es\/author\/mediatic-mc\/\"}]}<\/script>\n<!-- \/ Yoast SEO plugin. -->","yoast_head_json":{"title":"Per un Rub\u00ed de totes i tots - Ve\u00efns per Rub\u00ed","robots":{"index":"index","follow":"follow","max-snippet":"max-snippet:-1","max-image-preview":"max-image-preview:large","max-video-preview":"max-video-preview:-1"},"canonical":"https:\/\/veinsxrubi.org\/es\/per-un-rubi-de-totes-i-tots\/","og_locale":"es_ES","og_type":"article","og_title":"Per un Rub\u00ed de totes i tots - Ve\u00efns per Rub\u00ed","og_description":"\u201cHem viscut molts plens municipals on la majoria de temps de debat s\u2019ha dedicat a q\u00fcestions que no s\u00f3n compet\u00e8ncia municipal\u201d Arriba un moment decisiu pel futur de la nostra ciutat: en tres mesos tindrem l\u2019oportunitat d\u2019escollir un nou Ple municipal en les eleccions municipals. Aquest \u00faltim mandat ha sigut del tot an\u00f2mal, amb un [&hellip;]","og_url":"https:\/\/veinsxrubi.org\/es\/per-un-rubi-de-totes-i-tots\/","og_site_name":"Ve\u00efns per Rub\u00ed","article_published_time":"2019-02-20T10:50:28+00:00","og_image":[{"width":150,"height":120,"url":"https:\/\/veinsxrubi.org\/wp-content\/uploads\/2022\/04\/2715.png","type":"image\/png"}],"twitter_card":"summary_large_image","twitter_misc":{"Escrito por":"mediatic-mc","Tiempo de lectura":"3 minutos"},"schema":{"@context":"https:\/\/schema.org","@graph":[{"@type":"WebSite","@id":"https:\/\/veinsxrubi.org\/#website","url":"https:\/\/veinsxrubi.org\/","name":"Ve\u00efns per Rub\u00ed","description":"","potentialAction":[{"@type":"SearchAction","target":{"@type":"EntryPoint","urlTemplate":"https:\/\/veinsxrubi.org\/?s={search_term_string}"},"query-input":"required name=search_term_string"}],"inLanguage":"es"},{"@type":"ImageObject","inLanguage":"es","@id":"https:\/\/veinsxrubi.org\/es\/per-un-rubi-de-totes-i-tots\/#primaryimage","url":"https:\/\/veinsxrubi.org\/wp-content\/uploads\/2022\/04\/2715.png","contentUrl":"https:\/\/veinsxrubi.org\/wp-content\/uploads\/2022\/04\/2715.png","width":150,"height":120},{"@type":"WebPage","@id":"https:\/\/veinsxrubi.org\/es\/per-un-rubi-de-totes-i-tots\/#webpage","url":"https:\/\/veinsxrubi.org\/es\/per-un-rubi-de-totes-i-tots\/","name":"Per un Rub\u00ed de totes i tots - Ve\u00efns per Rub\u00ed","isPartOf":{"@id":"https:\/\/veinsxrubi.org\/#website"},"primaryImageOfPage":{"@id":"https:\/\/veinsxrubi.org\/es\/per-un-rubi-de-totes-i-tots\/#primaryimage"},"datePublished":"2019-02-20T10:50:28+00:00","dateModified":"2019-02-20T10:50:28+00:00","author":{"@id":"https:\/\/veinsxrubi.org\/#\/schema\/person\/edc38d8c6e8244476e119cd9a2520548"},"breadcrumb":{"@id":"https:\/\/veinsxrubi.org\/es\/per-un-rubi-de-totes-i-tots\/#breadcrumb"},"inLanguage":"es","potentialAction":[{"@type":"ReadAction","target":["https:\/\/veinsxrubi.org\/es\/per-un-rubi-de-totes-i-tots\/"]}]},{"@type":"BreadcrumbList","@id":"https:\/\/veinsxrubi.org\/es\/per-un-rubi-de-totes-i-tots\/#breadcrumb","itemListElement":[{"@type":"ListItem","position":1,"name":"Inici","item":"https:\/\/veinsxrubi.org\/es\/"},{"@type":"ListItem","position":2,"name":"Per un Rub\u00ed de totes i tots"}]},{"@type":"Person","@id":"https:\/\/veinsxrubi.org\/#\/schema\/person\/edc38d8c6e8244476e119cd9a2520548","name":"mediatic-mc","image":{"@type":"ImageObject","inLanguage":"es","@id":"https:\/\/veinsxrubi.org\/#\/schema\/person\/image\/","url":"https:\/\/secure.gravatar.com\/avatar\/a1f421040c7275c3ff5f095a1201caa49ec29eb6567df6e7f04f9edd916fab55?s=96&d=mm&r=g","contentUrl":"https:\/\/secure.gravatar.com\/avatar\/a1f421040c7275c3ff5f095a1201caa49ec29eb6567df6e7f04f9edd916fab55?s=96&d=mm&r=g","caption":"mediatic-mc"},"sameAs":["http:\/\/veinsxrubi.org\/"],"url":"https:\/\/veinsxrubi.org\/es\/author\/mediatic-mc\/"}]}},"_links":{"self":[{"href":"https:\/\/veinsxrubi.org\/es\/wp-json\/wp\/v2\/posts\/985","targetHints":{"allow":["GET"]}}],"collection":[{"href":"https:\/\/veinsxrubi.org\/es\/wp-json\/wp\/v2\/posts"}],"about":[{"href":"https:\/\/veinsxrubi.org\/es\/wp-json\/wp\/v2\/types\/post"}],"author":[{"embeddable":true,"href":"https:\/\/veinsxrubi.org\/es\/wp-json\/wp\/v2\/users\/1"}],"replies":[{"embeddable":true,"href":"https:\/\/veinsxrubi.org\/es\/wp-json\/wp\/v2\/comments?post=985"}],"version-history":[{"count":0,"href":"https:\/\/veinsxrubi.org\/es\/wp-json\/wp\/v2\/posts\/985\/revisions"}],"wp:featuredmedia":[{"embeddable":true,"href":"https:\/\/veinsxrubi.org\/es\/wp-json\/wp\/v2\/media\/841"}],"wp:attachment":[{"href":"https:\/\/veinsxrubi.org\/es\/wp-json\/wp\/v2\/media?parent=985"}],"wp:term":[{"taxonomy":"category","embeddable":true,"href":"https:\/\/veinsxrubi.org\/es\/wp-json\/wp\/v2\/categories?post=985"},{"taxonomy":"post_tag","embeddable":true,"href":"https:\/\/veinsxrubi.org\/es\/wp-json\/wp\/v2\/tags?post=985"}],"curies":[{"name":"wp","href":"https:\/\/api.w.org\/{rel}","templated":true}]}}