{"id":984,"date":"2019-02-25T09:12:23","date_gmt":"2019-02-25T09:12:23","guid":{"rendered":"http:\/\/veinsxrubi.org\/veins-per-rubi-desconfia-de-la-manera-en-que-sesta-fent-el-pla-dordenacio-de-recursos-humans\/"},"modified":"2019-02-25T09:12:23","modified_gmt":"2019-02-25T09:12:23","slug":"veins-per-rubi-desconfia-de-la-manera-en-que-sesta-fent-el-pla-dordenacio-de-recursos-humans","status":"publish","type":"post","link":"https:\/\/veinsxrubi.org\/es\/veins-per-rubi-desconfia-de-la-manera-en-que-sesta-fent-el-pla-dordenacio-de-recursos-humans\/","title":{"rendered":"Ve\u00efns per Rub\u00ed desconfia de la manera en qu\u00e8 s\u2019est\u00e0 fent el Pla d\u2019Ordenaci\u00f3 de Recursos Humans"},"content":{"rendered":"<p>[et_pb_section fb_built=\u00bb1&#8243; theme_builder_area=\u00bbpost_content\u00bb _builder_version=\u00bb4.17.0&#8243; _module_preset=\u00bbdefault\u00bb][et_pb_row _builder_version=\u00bb4.17.0&#8243; _module_preset=\u00bbdefault\u00bb theme_builder_area=\u00bbpost_content\u00bb][et_pb_column _builder_version=\u00bb4.17.0&#8243; _module_preset=\u00bbdefault\u00bb type=\u00bb4_4&#8243; theme_builder_area=\u00bbpost_content\u00bb][et_pb_text _builder_version=\u00bb4.17.0&#8243; _module_preset=\u00bbdefault\u00bb theme_builder_area=\u00bbpost_content\u00bb text_font=\u00bbHenjuBold|700|||||||\u00bb text_font_size=\u00bb14pt\u00bb text_line_height=\u00bb21pt\u00bb hover_enabled=\u00bb0&#8243; sticky_enabled=\u00bb0&#8243; text_text_color=\u00bb#3a3a3a\u00bb]<\/p>\n<p>\u201cNo es donen les circumst\u00e0ncies per realitzar un proc\u00e9s transparent i amb garanties pels treballadors\u201d<\/p>\n<p>[\/et_pb_text][et_pb_text _builder_version=\u00bb4.17.0&#8243; _module_preset=\u00bbdefault\u00bb theme_builder_area=\u00bbpost_content\u00bb text_font=\u00bbHenjuLight|300|||||||\u00bb text_font_size=\u00bb14pt\u00bb text_line_height=\u00bb21pt\u00bb text_text_color=\u00bb#3a3a3a\u00bb hover_enabled=\u00bb0&#8243; sticky_enabled=\u00bb0&#8243;]RUB\u00cd TV[\/et_pb_text][et_pb_text _builder_version=\u00bb4.17.0&#8243; _module_preset=\u00bbdefault\u00bb theme_builder_area=\u00bbpost_content\u00bb text_font=\u00bbHenjuLight|300|||||||\u00bb text_font_size=\u00bb14pt\u00bb text_line_height=\u00bb21pt\u00bb text_text_color=\u00bb#3a3a3a\u00bb hover_enabled=\u00bb0&#8243; sticky_enabled=\u00bb0&#8243; link_text_color=\u00bb#3a3a3a\u00bb]<\/p>\n<p>Ve\u00efns Per Rub\u00ed t\u00e9 molts dubtes sobre la gesti\u00f3 que est\u00e0 fent l\u2019equip de Govern del Pla d\u2019Ordenaci\u00f3 de Recursos Humans. La formaci\u00f3 d\u2019independents est\u00e0 \u201cpreocupada\u201d per la manera d\u2019actuar de l\u2019equip de govern per diversos motius.<\/p>\n<p>En primer lloc, Ve\u00efns per Rub\u00ed acusa el govern de voler \u201cfor\u00e7ar la publicaci\u00f3 de l\u2019oferta p\u00fablica d\u2019ocupaci\u00f3 de 2019 durant el mes de mar\u00e7, i en qualsevol cas abans de les eleccions municipals, amb acord o sense amb els treballadors i els seus representants\u201d. L\u2019oferta p\u00fablica d\u2019ocupaci\u00f3 es pot presentar fins el 31 de desembre.<\/p>\n<p>Aquesta actitud \u00e9s \u201csospitosa\u201d, segons Ve\u00efns per Rub\u00ed, que lamenta que el govern no hagi donat \u201ccap explicaci\u00f3 argumentada\u201d.<\/p>\n<p>De fet, la formaci\u00f3 independent recorden que si l\u2019oferta es publica a finals d\u2019any, el govern tindria un marge de deu mesos per negociar amb els treballadors un Pla de Formaci\u00f3 que ofereixi garanties a la plantilla per tenir totes les opcions, sempre dins de la legalitat, de consolidar el seu lloc de treball.<\/p>\n<p>Ve\u00efns per Rub\u00ed mant\u00e9 que el PORH requereix una planificaci\u00f3 exhaustiva dels Plans de Formaci\u00f3 general i espec\u00edfica dels treballadors, el calendari de convocat\u00f2ria de les places o de l\u2019elaboraci\u00f3 de les bases. Segons la formaci\u00f3 ve\u00efnal, i sempre segons la informaci\u00f3 feta p\u00fablica pels representants dels treballadors, \u201centenem que no es donen les circumst\u00e0ncies per realitzar un proc\u00e9s transparent i amb garanties pels treballadors\u201d.<\/p>\n<p>La plantilla municipal t\u00e9 un 80% de les places no consolidades, i les que s\u00ed que ho estan corresponen, en la seva majoria, a la policia local.<\/p>\n<p>Ve\u00efns per Rub\u00ed reitera el seu comprom\u00eds amb tota la plantilla, que consideren \u201cl\u2019actiu m\u00e9s important per al funcionament adequat de l\u2019Ajuntament\u201d.<\/p>\n<p>Aquestes cr\u00edtiques se sumen a les que el propi partit ha fet al llarg del mandat, aix\u00ed com tamb\u00e9 <a href=\"https:\/\/www.rubitv.cat\/noticia\/591\/ccoo\/sfp\/critiquen\/actitud\/govern\/envers\/treballadors\/seus\/representants\" target=\"_blank\" rel=\"noopener\">algunes forces sindicals amb representaci\u00f3 a l\u2019Ajuntament de Rub\u00ed<\/a>.<\/p>\n<p>[\/et_pb_text][\/et_pb_column][\/et_pb_row][\/et_pb_section]<\/p>\n","protected":false},"excerpt":{"rendered":"<p>\u201cNo es donen les circumst\u00e0ncies per realitzar un proc\u00e9s transparent i amb garanties pels treballadors\u201dRUB\u00cd TVVe\u00efns Per Rub\u00ed t\u00e9 molts dubtes sobre la gesti\u00f3 que est\u00e0 fent l\u2019equip de Govern del Pla d\u2019Ordenaci\u00f3 de Recursos Humans. La formaci\u00f3 d\u2019independents est\u00e0 \u201cpreocupada\u201d per la manera d\u2019actuar de l\u2019equip de govern per diversos motius. En primer lloc, [&hellip;]<\/p>\n","protected":false},"author":1,"featured_media":824,"comment_status":"open","ping_status":"open","sticky":false,"template":"","format":"standard","meta":{"_et_pb_use_builder":"on","_et_pb_old_content":"","_et_gb_content_width":"","inline_featured_image":false,"footnotes":""},"categories":[17],"tags":[],"class_list":["post-984","post","type-post","status-publish","format-standard","has-post-thumbnail","hentry","category-noticies-es"],"yoast_head":"<!-- This site is optimized with the Yoast SEO plugin v18.7 - https:\/\/yoast.com\/wordpress\/plugins\/seo\/ -->\n<title>Ve\u00efns per Rub\u00ed desconfia de la manera en qu\u00e8 s\u2019est\u00e0 fent el Pla d\u2019Ordenaci\u00f3 de Recursos Humans - Ve\u00efns per Rub\u00ed<\/title>\n<meta name=\"robots\" content=\"index, follow, max-snippet:-1, max-image-preview:large, max-video-preview:-1\" \/>\n<link rel=\"canonical\" href=\"https:\/\/veinsxrubi.org\/es\/veins-per-rubi-desconfia-de-la-manera-en-que-sesta-fent-el-pla-dordenacio-de-recursos-humans\/\" \/>\n<meta property=\"og:locale\" content=\"es_ES\" \/>\n<meta property=\"og:type\" content=\"article\" \/>\n<meta property=\"og:title\" content=\"Ve\u00efns per Rub\u00ed desconfia de la manera en qu\u00e8 s\u2019est\u00e0 fent el Pla d\u2019Ordenaci\u00f3 de Recursos Humans - Ve\u00efns per Rub\u00ed\" \/>\n<meta property=\"og:description\" content=\"\u201cNo es donen les circumst\u00e0ncies per realitzar un proc\u00e9s transparent i amb garanties pels treballadors\u201dRUB\u00cd TVVe\u00efns Per Rub\u00ed t\u00e9 molts dubtes sobre la gesti\u00f3 que est\u00e0 fent l\u2019equip de Govern del Pla d\u2019Ordenaci\u00f3 de Recursos Humans. La formaci\u00f3 d\u2019independents est\u00e0 \u201cpreocupada\u201d per la manera d\u2019actuar de l\u2019equip de govern per diversos motius. En primer lloc, [&hellip;]\" \/>\n<meta property=\"og:url\" content=\"https:\/\/veinsxrubi.org\/es\/veins-per-rubi-desconfia-de-la-manera-en-que-sesta-fent-el-pla-dordenacio-de-recursos-humans\/\" \/>\n<meta property=\"og:site_name\" content=\"Ve\u00efns per Rub\u00ed\" \/>\n<meta property=\"article:published_time\" content=\"2019-02-25T09:12:23+00:00\" \/>\n<meta property=\"og:image\" content=\"https:\/\/veinsxrubi.org\/wp-content\/uploads\/2022\/04\/1200_1548332861Assemblea_Treballadors_Ajuntament.jpg\" \/>\n\t<meta property=\"og:image:width\" content=\"706\" \/>\n\t<meta property=\"og:image:height\" content=\"452\" \/>\n\t<meta property=\"og:image:type\" content=\"image\/jpeg\" \/>\n<meta name=\"twitter:card\" content=\"summary_large_image\" \/>\n<meta name=\"twitter:label1\" content=\"Escrito por\" \/>\n\t<meta name=\"twitter:data1\" content=\"mediatic-mc\" \/>\n\t<meta name=\"twitter:label2\" content=\"Tiempo de lectura\" \/>\n\t<meta name=\"twitter:data2\" content=\"3 minutos\" \/>\n<script type=\"application\/ld+json\" class=\"yoast-schema-graph\">{\"@context\":\"https:\/\/schema.org\",\"@graph\":[{\"@type\":\"WebSite\",\"@id\":\"https:\/\/veinsxrubi.org\/#website\",\"url\":\"https:\/\/veinsxrubi.org\/\",\"name\":\"Ve\u00efns per Rub\u00ed\",\"description\":\"\",\"potentialAction\":[{\"@type\":\"SearchAction\",\"target\":{\"@type\":\"EntryPoint\",\"urlTemplate\":\"https:\/\/veinsxrubi.org\/?s={search_term_string}\"},\"query-input\":\"required name=search_term_string\"}],\"inLanguage\":\"es\"},{\"@type\":\"ImageObject\",\"inLanguage\":\"es\",\"@id\":\"https:\/\/veinsxrubi.org\/es\/veins-per-rubi-desconfia-de-la-manera-en-que-sesta-fent-el-pla-dordenacio-de-recursos-humans\/#primaryimage\",\"url\":\"https:\/\/veinsxrubi.org\/wp-content\/uploads\/2022\/04\/1200_1548332861Assemblea_Treballadors_Ajuntament.jpg\",\"contentUrl\":\"https:\/\/veinsxrubi.org\/wp-content\/uploads\/2022\/04\/1200_1548332861Assemblea_Treballadors_Ajuntament.jpg\",\"width\":706,\"height\":452},{\"@type\":\"WebPage\",\"@id\":\"https:\/\/veinsxrubi.org\/es\/veins-per-rubi-desconfia-de-la-manera-en-que-sesta-fent-el-pla-dordenacio-de-recursos-humans\/#webpage\",\"url\":\"https:\/\/veinsxrubi.org\/es\/veins-per-rubi-desconfia-de-la-manera-en-que-sesta-fent-el-pla-dordenacio-de-recursos-humans\/\",\"name\":\"Ve\u00efns per Rub\u00ed desconfia de la manera en qu\u00e8 s\u2019est\u00e0 fent el Pla d\u2019Ordenaci\u00f3 de Recursos Humans - Ve\u00efns per Rub\u00ed\",\"isPartOf\":{\"@id\":\"https:\/\/veinsxrubi.org\/#website\"},\"primaryImageOfPage\":{\"@id\":\"https:\/\/veinsxrubi.org\/es\/veins-per-rubi-desconfia-de-la-manera-en-que-sesta-fent-el-pla-dordenacio-de-recursos-humans\/#primaryimage\"},\"datePublished\":\"2019-02-25T09:12:23+00:00\",\"dateModified\":\"2019-02-25T09:12:23+00:00\",\"author\":{\"@id\":\"https:\/\/veinsxrubi.org\/#\/schema\/person\/edc38d8c6e8244476e119cd9a2520548\"},\"breadcrumb\":{\"@id\":\"https:\/\/veinsxrubi.org\/es\/veins-per-rubi-desconfia-de-la-manera-en-que-sesta-fent-el-pla-dordenacio-de-recursos-humans\/#breadcrumb\"},\"inLanguage\":\"es\",\"potentialAction\":[{\"@type\":\"ReadAction\",\"target\":[\"https:\/\/veinsxrubi.org\/es\/veins-per-rubi-desconfia-de-la-manera-en-que-sesta-fent-el-pla-dordenacio-de-recursos-humans\/\"]}]},{\"@type\":\"BreadcrumbList\",\"@id\":\"https:\/\/veinsxrubi.org\/es\/veins-per-rubi-desconfia-de-la-manera-en-que-sesta-fent-el-pla-dordenacio-de-recursos-humans\/#breadcrumb\",\"itemListElement\":[{\"@type\":\"ListItem\",\"position\":1,\"name\":\"Inici\",\"item\":\"https:\/\/veinsxrubi.org\/es\/\"},{\"@type\":\"ListItem\",\"position\":2,\"name\":\"Ve\u00efns per Rub\u00ed desconfia de la manera en qu\u00e8 s\u2019est\u00e0 fent el Pla d\u2019Ordenaci\u00f3 de Recursos Humans\"}]},{\"@type\":\"Person\",\"@id\":\"https:\/\/veinsxrubi.org\/#\/schema\/person\/edc38d8c6e8244476e119cd9a2520548\",\"name\":\"mediatic-mc\",\"image\":{\"@type\":\"ImageObject\",\"inLanguage\":\"es\",\"@id\":\"https:\/\/veinsxrubi.org\/#\/schema\/person\/image\/\",\"url\":\"https:\/\/secure.gravatar.com\/avatar\/a1f421040c7275c3ff5f095a1201caa49ec29eb6567df6e7f04f9edd916fab55?s=96&d=mm&r=g\",\"contentUrl\":\"https:\/\/secure.gravatar.com\/avatar\/a1f421040c7275c3ff5f095a1201caa49ec29eb6567df6e7f04f9edd916fab55?s=96&d=mm&r=g\",\"caption\":\"mediatic-mc\"},\"sameAs\":[\"http:\/\/veinsxrubi.org\/\"],\"url\":\"https:\/\/veinsxrubi.org\/es\/author\/mediatic-mc\/\"}]}<\/script>\n<!-- \/ Yoast SEO plugin. -->","yoast_head_json":{"title":"Ve\u00efns per Rub\u00ed desconfia de la manera en qu\u00e8 s\u2019est\u00e0 fent el Pla d\u2019Ordenaci\u00f3 de Recursos Humans - Ve\u00efns per Rub\u00ed","robots":{"index":"index","follow":"follow","max-snippet":"max-snippet:-1","max-image-preview":"max-image-preview:large","max-video-preview":"max-video-preview:-1"},"canonical":"https:\/\/veinsxrubi.org\/es\/veins-per-rubi-desconfia-de-la-manera-en-que-sesta-fent-el-pla-dordenacio-de-recursos-humans\/","og_locale":"es_ES","og_type":"article","og_title":"Ve\u00efns per Rub\u00ed desconfia de la manera en qu\u00e8 s\u2019est\u00e0 fent el Pla d\u2019Ordenaci\u00f3 de Recursos Humans - Ve\u00efns per Rub\u00ed","og_description":"\u201cNo es donen les circumst\u00e0ncies per realitzar un proc\u00e9s transparent i amb garanties pels treballadors\u201dRUB\u00cd TVVe\u00efns Per Rub\u00ed t\u00e9 molts dubtes sobre la gesti\u00f3 que est\u00e0 fent l\u2019equip de Govern del Pla d\u2019Ordenaci\u00f3 de Recursos Humans. La formaci\u00f3 d\u2019independents est\u00e0 \u201cpreocupada\u201d per la manera d\u2019actuar de l\u2019equip de govern per diversos motius. En primer lloc, [&hellip;]","og_url":"https:\/\/veinsxrubi.org\/es\/veins-per-rubi-desconfia-de-la-manera-en-que-sesta-fent-el-pla-dordenacio-de-recursos-humans\/","og_site_name":"Ve\u00efns per Rub\u00ed","article_published_time":"2019-02-25T09:12:23+00:00","og_image":[{"width":706,"height":452,"url":"https:\/\/veinsxrubi.org\/wp-content\/uploads\/2022\/04\/1200_1548332861Assemblea_Treballadors_Ajuntament.jpg","type":"image\/jpeg"}],"twitter_card":"summary_large_image","twitter_misc":{"Escrito por":"mediatic-mc","Tiempo de lectura":"3 minutos"},"schema":{"@context":"https:\/\/schema.org","@graph":[{"@type":"WebSite","@id":"https:\/\/veinsxrubi.org\/#website","url":"https:\/\/veinsxrubi.org\/","name":"Ve\u00efns per Rub\u00ed","description":"","potentialAction":[{"@type":"SearchAction","target":{"@type":"EntryPoint","urlTemplate":"https:\/\/veinsxrubi.org\/?s={search_term_string}"},"query-input":"required name=search_term_string"}],"inLanguage":"es"},{"@type":"ImageObject","inLanguage":"es","@id":"https:\/\/veinsxrubi.org\/es\/veins-per-rubi-desconfia-de-la-manera-en-que-sesta-fent-el-pla-dordenacio-de-recursos-humans\/#primaryimage","url":"https:\/\/veinsxrubi.org\/wp-content\/uploads\/2022\/04\/1200_1548332861Assemblea_Treballadors_Ajuntament.jpg","contentUrl":"https:\/\/veinsxrubi.org\/wp-content\/uploads\/2022\/04\/1200_1548332861Assemblea_Treballadors_Ajuntament.jpg","width":706,"height":452},{"@type":"WebPage","@id":"https:\/\/veinsxrubi.org\/es\/veins-per-rubi-desconfia-de-la-manera-en-que-sesta-fent-el-pla-dordenacio-de-recursos-humans\/#webpage","url":"https:\/\/veinsxrubi.org\/es\/veins-per-rubi-desconfia-de-la-manera-en-que-sesta-fent-el-pla-dordenacio-de-recursos-humans\/","name":"Ve\u00efns per Rub\u00ed desconfia de la manera en qu\u00e8 s\u2019est\u00e0 fent el Pla d\u2019Ordenaci\u00f3 de Recursos Humans - Ve\u00efns per Rub\u00ed","isPartOf":{"@id":"https:\/\/veinsxrubi.org\/#website"},"primaryImageOfPage":{"@id":"https:\/\/veinsxrubi.org\/es\/veins-per-rubi-desconfia-de-la-manera-en-que-sesta-fent-el-pla-dordenacio-de-recursos-humans\/#primaryimage"},"datePublished":"2019-02-25T09:12:23+00:00","dateModified":"2019-02-25T09:12:23+00:00","author":{"@id":"https:\/\/veinsxrubi.org\/#\/schema\/person\/edc38d8c6e8244476e119cd9a2520548"},"breadcrumb":{"@id":"https:\/\/veinsxrubi.org\/es\/veins-per-rubi-desconfia-de-la-manera-en-que-sesta-fent-el-pla-dordenacio-de-recursos-humans\/#breadcrumb"},"inLanguage":"es","potentialAction":[{"@type":"ReadAction","target":["https:\/\/veinsxrubi.org\/es\/veins-per-rubi-desconfia-de-la-manera-en-que-sesta-fent-el-pla-dordenacio-de-recursos-humans\/"]}]},{"@type":"BreadcrumbList","@id":"https:\/\/veinsxrubi.org\/es\/veins-per-rubi-desconfia-de-la-manera-en-que-sesta-fent-el-pla-dordenacio-de-recursos-humans\/#breadcrumb","itemListElement":[{"@type":"ListItem","position":1,"name":"Inici","item":"https:\/\/veinsxrubi.org\/es\/"},{"@type":"ListItem","position":2,"name":"Ve\u00efns per Rub\u00ed desconfia de la manera en qu\u00e8 s\u2019est\u00e0 fent el Pla d\u2019Ordenaci\u00f3 de Recursos Humans"}]},{"@type":"Person","@id":"https:\/\/veinsxrubi.org\/#\/schema\/person\/edc38d8c6e8244476e119cd9a2520548","name":"mediatic-mc","image":{"@type":"ImageObject","inLanguage":"es","@id":"https:\/\/veinsxrubi.org\/#\/schema\/person\/image\/","url":"https:\/\/secure.gravatar.com\/avatar\/a1f421040c7275c3ff5f095a1201caa49ec29eb6567df6e7f04f9edd916fab55?s=96&d=mm&r=g","contentUrl":"https:\/\/secure.gravatar.com\/avatar\/a1f421040c7275c3ff5f095a1201caa49ec29eb6567df6e7f04f9edd916fab55?s=96&d=mm&r=g","caption":"mediatic-mc"},"sameAs":["http:\/\/veinsxrubi.org\/"],"url":"https:\/\/veinsxrubi.org\/es\/author\/mediatic-mc\/"}]}},"_links":{"self":[{"href":"https:\/\/veinsxrubi.org\/es\/wp-json\/wp\/v2\/posts\/984","targetHints":{"allow":["GET"]}}],"collection":[{"href":"https:\/\/veinsxrubi.org\/es\/wp-json\/wp\/v2\/posts"}],"about":[{"href":"https:\/\/veinsxrubi.org\/es\/wp-json\/wp\/v2\/types\/post"}],"author":[{"embeddable":true,"href":"https:\/\/veinsxrubi.org\/es\/wp-json\/wp\/v2\/users\/1"}],"replies":[{"embeddable":true,"href":"https:\/\/veinsxrubi.org\/es\/wp-json\/wp\/v2\/comments?post=984"}],"version-history":[{"count":0,"href":"https:\/\/veinsxrubi.org\/es\/wp-json\/wp\/v2\/posts\/984\/revisions"}],"wp:featuredmedia":[{"embeddable":true,"href":"https:\/\/veinsxrubi.org\/es\/wp-json\/wp\/v2\/media\/824"}],"wp:attachment":[{"href":"https:\/\/veinsxrubi.org\/es\/wp-json\/wp\/v2\/media?parent=984"}],"wp:term":[{"taxonomy":"category","embeddable":true,"href":"https:\/\/veinsxrubi.org\/es\/wp-json\/wp\/v2\/categories?post=984"},{"taxonomy":"post_tag","embeddable":true,"href":"https:\/\/veinsxrubi.org\/es\/wp-json\/wp\/v2\/tags?post=984"}],"curies":[{"name":"wp","href":"https:\/\/api.w.org\/{rel}","templated":true}]}}