{"id":983,"date":"2019-03-19T09:07:18","date_gmt":"2019-03-19T09:07:18","guid":{"rendered":"http:\/\/veinsxrubi.org\/veins-per-rubi-aposta-perque-lajuntament-tiri-endavant-noves-promocions-dhabitatge-public\/"},"modified":"2019-03-19T09:07:18","modified_gmt":"2019-03-19T09:07:18","slug":"veins-per-rubi-aposta-perque-lajuntament-tiri-endavant-noves-promocions-dhabitatge-public","status":"publish","type":"post","link":"https:\/\/veinsxrubi.org\/es\/veins-per-rubi-aposta-perque-lajuntament-tiri-endavant-noves-promocions-dhabitatge-public\/","title":{"rendered":"Ve\u00efns per Rub\u00ed aposta perqu\u00e8 l\u2019Ajuntament tiri endavant noves promocions d\u2019habitatge p\u00fablic"},"content":{"rendered":"<p>[et_pb_section fb_built=\u00bb1&#8243; theme_builder_area=\u00bbpost_content\u00bb _builder_version=\u00bb4.17.0&#8243; _module_preset=\u00bbdefault\u00bb][et_pb_row _builder_version=\u00bb4.17.0&#8243; _module_preset=\u00bbdefault\u00bb theme_builder_area=\u00bbpost_content\u00bb][et_pb_column _builder_version=\u00bb4.17.0&#8243; _module_preset=\u00bbdefault\u00bb type=\u00bb4_4&#8243; theme_builder_area=\u00bbpost_content\u00bb][et_pb_text _builder_version=\u00bb4.17.0&#8243; _module_preset=\u00bbdefault\u00bb theme_builder_area=\u00bbpost_content\u00bb text_font=\u00bbHenjuLight||||||||\u00bb text_text_color=\u00bb#3a3a3a\u00bb text_font_size=\u00bb14pt\u00bb text_line_height=\u00bb21pt\u00bb link_text_color=\u00bb#3a3a3a\u00bb link_font=\u00bb||||on||||\u00bb hover_enabled=\u00bb0&#8243; sticky_enabled=\u00bb0&#8243;]<\/p>\n<p>Ve\u00efns per Rub\u00ed (VR) \u00e9s partidari que el consistori compri s\u00f2l i inverteixi en noves promocions d\u2019habitatge p\u00fablic municipal, constru\u00efdes i gestionades per l\u2019administraci\u00f3 local. Aix\u00ed ho ha apuntat el portaveu i alcaldable de la formaci\u00f3, Antoni Garc\u00eda, qui assenyala que els comptes de l\u2019Ajuntament estan sanejats i es poden destinar recursos a l\u2019habitatge p\u00fablic.<\/p>\n<p>Garc\u00eda explica que \u00e9s cert que quan s\u2019aprovi un nou Pla d\u2019Ordenaci\u00f3 Urban\u00edstica Municipal (POUM) els sectors que es requalifiquin en residencials, per llei, hauran de reservar un 30% per a habitatge protegit o amb preu taxat. Per a Ve\u00efns per Rub\u00ed, aquestes promocions queden en mans del sector privat i l\u2019administraci\u00f3 nom\u00e9s pot fixar el preu m\u00e0xim. \u201cDeixem la construcci\u00f3 d\u2019habitatge en mans privades i dependr\u00e0 si el sector privat vol iniciar noves promocions o no, l\u2019adjudicaci\u00f3 tamb\u00e9 \u00e9s gestionada per ells, no tenen per qu\u00e8 guiar-se per criteris socials com la vulnerabilitat o ser menor de 25 anys\u201d, apunta.<\/p>\n<p>Aturar l\u2019aprovaci\u00f3 del POUM<br \/>D\u2019altra banda, Antoni Garc\u00eda ha reiterat l\u2019oposici\u00f3 del seu partit a l\u2019aprovaci\u00f3 provisional del nou POUM que, segons ha assenyalat, el govern local t\u00e9 previst portar al Ple en breu. El candidat de Ve\u00efns per Rub\u00ed ha criticat l\u2019executiu socialista perqu\u00e8 considera que el pla que vol presentar aquest no compta amb els suports suficients i requereix el vot favorable de cinc regidors no adscrits, dos dels quals van ser expulsats del Partit Popular, \u201cque no representen ning\u00fa, nom\u00e9s a ells mateixos\u201d.<\/p>\n<p>Tamb\u00e9 apunta que els exregidors del PP fa mesos que no assisteixen a cap Ple i que \u201cseria molt sospit\u00f3s que apareguin ara per aprovar la verificaci\u00f3 del POUM\u201d. En aquest sentit, creu que aquests dos regidors podrien assistir al Ple per aprovar el pla a canvi d\u2019una revisi\u00f3 de la justificaci\u00f3 econ\u00f2mica de les aportacions que ha rebut el seu grup municipal. \u201cSi hi ha canvis en la justificaci\u00f3 econ\u00f2mica dels grups municipals, cal convocar una comissi\u00f3 especial de comptes i despr\u00e9s passar per Ple. Ho mirarem amb lupa\u201d, afirma.<\/p>\n<p>La proximitat de les eleccions municipals que conformaran el nou Ple, el fet que el document inicial del POUM tingui ja m\u00e9s de vuit anys i la certesa que la Comissi\u00f3 d\u2019Urbanisme de Barcelona retornar\u00e0 el Pla amb noves prescripcions s\u00f3n altres dels arguments del partit per rebutjar aquesta aprovaci\u00f3. Per tot plegat, demanen que s\u2019aturi l\u2019aprovaci\u00f3 i es reinici\u00efn els treballs per \u201ctenir un Pla d\u2019Ordenaci\u00f3 Urban\u00edstica en condicions\u201d.<\/p>\n<p><a href=\"http:\/\/www.diariderubi.com\/noticia.php?i=33351&amp;k=ve%EFns-per-rubi-aposta-perque-l%92ajuntament-tiri-endavant-noves-promocions-d%92habitatge-public\" target=\"_blank\" rel=\"noopener\">Diari de Rub\u00ed<\/a><\/p>\n<p>[\/et_pb_text][\/et_pb_column][\/et_pb_row][\/et_pb_section]<\/p>\n","protected":false},"excerpt":{"rendered":"<p>Ve\u00efns per Rub\u00ed (VR) \u00e9s partidari que el consistori compri s\u00f2l i inverteixi en noves promocions d\u2019habitatge p\u00fablic municipal, constru\u00efdes i gestionades per l\u2019administraci\u00f3 local. Aix\u00ed ho ha apuntat el portaveu i alcaldable de la formaci\u00f3, Antoni Garc\u00eda, qui assenyala que els comptes de l\u2019Ajuntament estan sanejats i es poden destinar recursos a l\u2019habitatge p\u00fablic. [&hellip;]<\/p>\n","protected":false},"author":1,"featured_media":823,"comment_status":"open","ping_status":"open","sticky":false,"template":"","format":"standard","meta":{"_et_pb_use_builder":"on","_et_pb_old_content":"","_et_gb_content_width":"","inline_featured_image":false,"footnotes":""},"categories":[17],"tags":[],"class_list":["post-983","post","type-post","status-publish","format-standard","has-post-thumbnail","hentry","category-noticies-es"],"yoast_head":"<!-- This site is optimized with the Yoast SEO plugin v18.7 - https:\/\/yoast.com\/wordpress\/plugins\/seo\/ -->\n<title>Ve\u00efns per Rub\u00ed aposta perqu\u00e8 l\u2019Ajuntament tiri endavant noves promocions d\u2019habitatge p\u00fablic - Ve\u00efns per Rub\u00ed<\/title>\n<meta name=\"robots\" content=\"index, follow, max-snippet:-1, max-image-preview:large, max-video-preview:-1\" \/>\n<link rel=\"canonical\" href=\"https:\/\/veinsxrubi.org\/es\/veins-per-rubi-aposta-perque-lajuntament-tiri-endavant-noves-promocions-dhabitatge-public\/\" \/>\n<meta property=\"og:locale\" content=\"es_ES\" \/>\n<meta property=\"og:type\" content=\"article\" \/>\n<meta property=\"og:title\" content=\"Ve\u00efns per Rub\u00ed aposta perqu\u00e8 l\u2019Ajuntament tiri endavant noves promocions d\u2019habitatge p\u00fablic - Ve\u00efns per Rub\u00ed\" \/>\n<meta property=\"og:description\" content=\"Ve\u00efns per Rub\u00ed (VR) \u00e9s partidari que el consistori compri s\u00f2l i inverteixi en noves promocions d\u2019habitatge p\u00fablic municipal, constru\u00efdes i gestionades per l\u2019administraci\u00f3 local. Aix\u00ed ho ha apuntat el portaveu i alcaldable de la formaci\u00f3, Antoni Garc\u00eda, qui assenyala que els comptes de l\u2019Ajuntament estan sanejats i es poden destinar recursos a l\u2019habitatge p\u00fablic. [&hellip;]\" \/>\n<meta property=\"og:url\" content=\"https:\/\/veinsxrubi.org\/es\/veins-per-rubi-aposta-perque-lajuntament-tiri-endavant-noves-promocions-dhabitatge-public\/\" \/>\n<meta property=\"og:site_name\" content=\"Ve\u00efns per Rub\u00ed\" \/>\n<meta property=\"article:published_time\" content=\"2019-03-19T09:07:18+00:00\" \/>\n<meta property=\"og:image\" content=\"https:\/\/veinsxrubi.org\/wp-content\/uploads\/2022\/04\/33351.jpg\" \/>\n\t<meta property=\"og:image:width\" content=\"706\" \/>\n\t<meta property=\"og:image:height\" content=\"452\" \/>\n\t<meta property=\"og:image:type\" content=\"image\/jpeg\" \/>\n<meta name=\"twitter:card\" content=\"summary_large_image\" \/>\n<meta name=\"twitter:label1\" content=\"Escrito por\" \/>\n\t<meta name=\"twitter:data1\" content=\"mediatic-mc\" \/>\n\t<meta name=\"twitter:label2\" content=\"Tiempo de lectura\" \/>\n\t<meta name=\"twitter:data2\" content=\"3 minutos\" \/>\n<script type=\"application\/ld+json\" class=\"yoast-schema-graph\">{\"@context\":\"https:\/\/schema.org\",\"@graph\":[{\"@type\":\"WebSite\",\"@id\":\"https:\/\/veinsxrubi.org\/#website\",\"url\":\"https:\/\/veinsxrubi.org\/\",\"name\":\"Ve\u00efns per Rub\u00ed\",\"description\":\"\",\"potentialAction\":[{\"@type\":\"SearchAction\",\"target\":{\"@type\":\"EntryPoint\",\"urlTemplate\":\"https:\/\/veinsxrubi.org\/?s={search_term_string}\"},\"query-input\":\"required name=search_term_string\"}],\"inLanguage\":\"es\"},{\"@type\":\"ImageObject\",\"inLanguage\":\"es\",\"@id\":\"https:\/\/veinsxrubi.org\/es\/veins-per-rubi-aposta-perque-lajuntament-tiri-endavant-noves-promocions-dhabitatge-public\/#primaryimage\",\"url\":\"https:\/\/veinsxrubi.org\/wp-content\/uploads\/2022\/04\/33351.jpg\",\"contentUrl\":\"https:\/\/veinsxrubi.org\/wp-content\/uploads\/2022\/04\/33351.jpg\",\"width\":706,\"height\":452},{\"@type\":\"WebPage\",\"@id\":\"https:\/\/veinsxrubi.org\/es\/veins-per-rubi-aposta-perque-lajuntament-tiri-endavant-noves-promocions-dhabitatge-public\/#webpage\",\"url\":\"https:\/\/veinsxrubi.org\/es\/veins-per-rubi-aposta-perque-lajuntament-tiri-endavant-noves-promocions-dhabitatge-public\/\",\"name\":\"Ve\u00efns per Rub\u00ed aposta perqu\u00e8 l\u2019Ajuntament tiri endavant noves promocions d\u2019habitatge p\u00fablic - Ve\u00efns per Rub\u00ed\",\"isPartOf\":{\"@id\":\"https:\/\/veinsxrubi.org\/#website\"},\"primaryImageOfPage\":{\"@id\":\"https:\/\/veinsxrubi.org\/es\/veins-per-rubi-aposta-perque-lajuntament-tiri-endavant-noves-promocions-dhabitatge-public\/#primaryimage\"},\"datePublished\":\"2019-03-19T09:07:18+00:00\",\"dateModified\":\"2019-03-19T09:07:18+00:00\",\"author\":{\"@id\":\"https:\/\/veinsxrubi.org\/#\/schema\/person\/edc38d8c6e8244476e119cd9a2520548\"},\"breadcrumb\":{\"@id\":\"https:\/\/veinsxrubi.org\/es\/veins-per-rubi-aposta-perque-lajuntament-tiri-endavant-noves-promocions-dhabitatge-public\/#breadcrumb\"},\"inLanguage\":\"es\",\"potentialAction\":[{\"@type\":\"ReadAction\",\"target\":[\"https:\/\/veinsxrubi.org\/es\/veins-per-rubi-aposta-perque-lajuntament-tiri-endavant-noves-promocions-dhabitatge-public\/\"]}]},{\"@type\":\"BreadcrumbList\",\"@id\":\"https:\/\/veinsxrubi.org\/es\/veins-per-rubi-aposta-perque-lajuntament-tiri-endavant-noves-promocions-dhabitatge-public\/#breadcrumb\",\"itemListElement\":[{\"@type\":\"ListItem\",\"position\":1,\"name\":\"Inici\",\"item\":\"https:\/\/veinsxrubi.org\/es\/\"},{\"@type\":\"ListItem\",\"position\":2,\"name\":\"Ve\u00efns per Rub\u00ed aposta perqu\u00e8 l\u2019Ajuntament tiri endavant noves promocions d\u2019habitatge p\u00fablic\"}]},{\"@type\":\"Person\",\"@id\":\"https:\/\/veinsxrubi.org\/#\/schema\/person\/edc38d8c6e8244476e119cd9a2520548\",\"name\":\"mediatic-mc\",\"image\":{\"@type\":\"ImageObject\",\"inLanguage\":\"es\",\"@id\":\"https:\/\/veinsxrubi.org\/#\/schema\/person\/image\/\",\"url\":\"https:\/\/secure.gravatar.com\/avatar\/a1f421040c7275c3ff5f095a1201caa49ec29eb6567df6e7f04f9edd916fab55?s=96&d=mm&r=g\",\"contentUrl\":\"https:\/\/secure.gravatar.com\/avatar\/a1f421040c7275c3ff5f095a1201caa49ec29eb6567df6e7f04f9edd916fab55?s=96&d=mm&r=g\",\"caption\":\"mediatic-mc\"},\"sameAs\":[\"http:\/\/veinsxrubi.org\/\"],\"url\":\"https:\/\/veinsxrubi.org\/es\/author\/mediatic-mc\/\"}]}<\/script>\n<!-- \/ Yoast SEO plugin. -->","yoast_head_json":{"title":"Ve\u00efns per Rub\u00ed aposta perqu\u00e8 l\u2019Ajuntament tiri endavant noves promocions d\u2019habitatge p\u00fablic - Ve\u00efns per Rub\u00ed","robots":{"index":"index","follow":"follow","max-snippet":"max-snippet:-1","max-image-preview":"max-image-preview:large","max-video-preview":"max-video-preview:-1"},"canonical":"https:\/\/veinsxrubi.org\/es\/veins-per-rubi-aposta-perque-lajuntament-tiri-endavant-noves-promocions-dhabitatge-public\/","og_locale":"es_ES","og_type":"article","og_title":"Ve\u00efns per Rub\u00ed aposta perqu\u00e8 l\u2019Ajuntament tiri endavant noves promocions d\u2019habitatge p\u00fablic - Ve\u00efns per Rub\u00ed","og_description":"Ve\u00efns per Rub\u00ed (VR) \u00e9s partidari que el consistori compri s\u00f2l i inverteixi en noves promocions d\u2019habitatge p\u00fablic municipal, constru\u00efdes i gestionades per l\u2019administraci\u00f3 local. Aix\u00ed ho ha apuntat el portaveu i alcaldable de la formaci\u00f3, Antoni Garc\u00eda, qui assenyala que els comptes de l\u2019Ajuntament estan sanejats i es poden destinar recursos a l\u2019habitatge p\u00fablic. [&hellip;]","og_url":"https:\/\/veinsxrubi.org\/es\/veins-per-rubi-aposta-perque-lajuntament-tiri-endavant-noves-promocions-dhabitatge-public\/","og_site_name":"Ve\u00efns per Rub\u00ed","article_published_time":"2019-03-19T09:07:18+00:00","og_image":[{"width":706,"height":452,"url":"https:\/\/veinsxrubi.org\/wp-content\/uploads\/2022\/04\/33351.jpg","type":"image\/jpeg"}],"twitter_card":"summary_large_image","twitter_misc":{"Escrito por":"mediatic-mc","Tiempo de lectura":"3 minutos"},"schema":{"@context":"https:\/\/schema.org","@graph":[{"@type":"WebSite","@id":"https:\/\/veinsxrubi.org\/#website","url":"https:\/\/veinsxrubi.org\/","name":"Ve\u00efns per Rub\u00ed","description":"","potentialAction":[{"@type":"SearchAction","target":{"@type":"EntryPoint","urlTemplate":"https:\/\/veinsxrubi.org\/?s={search_term_string}"},"query-input":"required name=search_term_string"}],"inLanguage":"es"},{"@type":"ImageObject","inLanguage":"es","@id":"https:\/\/veinsxrubi.org\/es\/veins-per-rubi-aposta-perque-lajuntament-tiri-endavant-noves-promocions-dhabitatge-public\/#primaryimage","url":"https:\/\/veinsxrubi.org\/wp-content\/uploads\/2022\/04\/33351.jpg","contentUrl":"https:\/\/veinsxrubi.org\/wp-content\/uploads\/2022\/04\/33351.jpg","width":706,"height":452},{"@type":"WebPage","@id":"https:\/\/veinsxrubi.org\/es\/veins-per-rubi-aposta-perque-lajuntament-tiri-endavant-noves-promocions-dhabitatge-public\/#webpage","url":"https:\/\/veinsxrubi.org\/es\/veins-per-rubi-aposta-perque-lajuntament-tiri-endavant-noves-promocions-dhabitatge-public\/","name":"Ve\u00efns per Rub\u00ed aposta perqu\u00e8 l\u2019Ajuntament tiri endavant noves promocions d\u2019habitatge p\u00fablic - Ve\u00efns per Rub\u00ed","isPartOf":{"@id":"https:\/\/veinsxrubi.org\/#website"},"primaryImageOfPage":{"@id":"https:\/\/veinsxrubi.org\/es\/veins-per-rubi-aposta-perque-lajuntament-tiri-endavant-noves-promocions-dhabitatge-public\/#primaryimage"},"datePublished":"2019-03-19T09:07:18+00:00","dateModified":"2019-03-19T09:07:18+00:00","author":{"@id":"https:\/\/veinsxrubi.org\/#\/schema\/person\/edc38d8c6e8244476e119cd9a2520548"},"breadcrumb":{"@id":"https:\/\/veinsxrubi.org\/es\/veins-per-rubi-aposta-perque-lajuntament-tiri-endavant-noves-promocions-dhabitatge-public\/#breadcrumb"},"inLanguage":"es","potentialAction":[{"@type":"ReadAction","target":["https:\/\/veinsxrubi.org\/es\/veins-per-rubi-aposta-perque-lajuntament-tiri-endavant-noves-promocions-dhabitatge-public\/"]}]},{"@type":"BreadcrumbList","@id":"https:\/\/veinsxrubi.org\/es\/veins-per-rubi-aposta-perque-lajuntament-tiri-endavant-noves-promocions-dhabitatge-public\/#breadcrumb","itemListElement":[{"@type":"ListItem","position":1,"name":"Inici","item":"https:\/\/veinsxrubi.org\/es\/"},{"@type":"ListItem","position":2,"name":"Ve\u00efns per Rub\u00ed aposta perqu\u00e8 l\u2019Ajuntament tiri endavant noves promocions d\u2019habitatge p\u00fablic"}]},{"@type":"Person","@id":"https:\/\/veinsxrubi.org\/#\/schema\/person\/edc38d8c6e8244476e119cd9a2520548","name":"mediatic-mc","image":{"@type":"ImageObject","inLanguage":"es","@id":"https:\/\/veinsxrubi.org\/#\/schema\/person\/image\/","url":"https:\/\/secure.gravatar.com\/avatar\/a1f421040c7275c3ff5f095a1201caa49ec29eb6567df6e7f04f9edd916fab55?s=96&d=mm&r=g","contentUrl":"https:\/\/secure.gravatar.com\/avatar\/a1f421040c7275c3ff5f095a1201caa49ec29eb6567df6e7f04f9edd916fab55?s=96&d=mm&r=g","caption":"mediatic-mc"},"sameAs":["http:\/\/veinsxrubi.org\/"],"url":"https:\/\/veinsxrubi.org\/es\/author\/mediatic-mc\/"}]}},"_links":{"self":[{"href":"https:\/\/veinsxrubi.org\/es\/wp-json\/wp\/v2\/posts\/983","targetHints":{"allow":["GET"]}}],"collection":[{"href":"https:\/\/veinsxrubi.org\/es\/wp-json\/wp\/v2\/posts"}],"about":[{"href":"https:\/\/veinsxrubi.org\/es\/wp-json\/wp\/v2\/types\/post"}],"author":[{"embeddable":true,"href":"https:\/\/veinsxrubi.org\/es\/wp-json\/wp\/v2\/users\/1"}],"replies":[{"embeddable":true,"href":"https:\/\/veinsxrubi.org\/es\/wp-json\/wp\/v2\/comments?post=983"}],"version-history":[{"count":0,"href":"https:\/\/veinsxrubi.org\/es\/wp-json\/wp\/v2\/posts\/983\/revisions"}],"wp:featuredmedia":[{"embeddable":true,"href":"https:\/\/veinsxrubi.org\/es\/wp-json\/wp\/v2\/media\/823"}],"wp:attachment":[{"href":"https:\/\/veinsxrubi.org\/es\/wp-json\/wp\/v2\/media?parent=983"}],"wp:term":[{"taxonomy":"category","embeddable":true,"href":"https:\/\/veinsxrubi.org\/es\/wp-json\/wp\/v2\/categories?post=983"},{"taxonomy":"post_tag","embeddable":true,"href":"https:\/\/veinsxrubi.org\/es\/wp-json\/wp\/v2\/tags?post=983"}],"curies":[{"name":"wp","href":"https:\/\/api.w.org\/{rel}","templated":true}]}}