{"id":982,"date":"2019-03-29T09:03:04","date_gmt":"2019-03-29T09:03:04","guid":{"rendered":"http:\/\/veinsxrubi.org\/vr-vol-mes-policia-i-cameres-de-videovigilancia\/"},"modified":"2019-03-29T09:03:04","modified_gmt":"2019-03-29T09:03:04","slug":"vr-vol-mes-policia-i-cameres-de-videovigilancia","status":"publish","type":"post","link":"https:\/\/veinsxrubi.org\/es\/vr-vol-mes-policia-i-cameres-de-videovigilancia\/","title":{"rendered":"VR vol m\u00e9s pol\u00edcia i c\u00e0meres de videovigil\u00e0ncia"},"content":{"rendered":"<p>[et_pb_section fb_built=\u00bb1&#8243; theme_builder_area=\u00bbpost_content\u00bb _builder_version=\u00bb4.17.0&#8243; _module_preset=\u00bbdefault\u00bb][et_pb_row _builder_version=\u00bb4.17.0&#8243; _module_preset=\u00bbdefault\u00bb theme_builder_area=\u00bbpost_content\u00bb][et_pb_column _builder_version=\u00bb4.17.0&#8243; _module_preset=\u00bbdefault\u00bb type=\u00bb4_4&#8243; theme_builder_area=\u00bbpost_content\u00bb][et_pb_text _builder_version=\u00bb4.17.0&#8243; _module_preset=\u00bbdefault\u00bb theme_builder_area=\u00bbpost_content\u00bb text_font=\u00bbHenjuLight||||||||\u00bb text_text_color=\u00bb#3a3a3a\u00bb text_font_size=\u00bb14pt\u00bb text_line_height=\u00bb21pt\u00bb link_font=\u00bbHenjuLight||||on||||\u00bb link_text_color=\u00bb#3a3a3a\u00bb hover_enabled=\u00bb0&#8243; sticky_enabled=\u00bb0&#8243;]<\/p>\n<p>Ve\u00efns per Rub\u00ed (VR) planteja un increment substancial de la plantilla de Policia Local i la instal\u00b7laci\u00f3 de c\u00e0meres de videovigil\u00e0ncia per lluitar, per una banda, contra la manca de sensaci\u00f3 de seguretat que creu que existeix a la ciutat, i, per altra part, contra els actes inc\u00edvics, que considera que estan augmentant.<\/p>\n<p>Pel que fa a la delinq\u00fc\u00e8ncia i a la inseguretat, la formaci\u00f3 reconeix que la situaci\u00f3 \u00e9s similar a altres poblacions de l\u2019entorn, per\u00f2 apunta que l\u2019\u00faltim informe dels Mossos recull que Rub\u00ed ha registrat un augment en el nombre de robatoris a domicilis, empreses i vehicles. Per aix\u00f2, proposa incrementar les plantilles dels dos cossos de seguretat, que considera s\u00f3n insuficients.<\/p>\n<p>Segons la formaci\u00f3, les places previstes de Policia Local no estan cobertes i hi ha unes 25 vacants en els \u00faltims anys, mentre que la poblaci\u00f3 ha anat augmentant. A m\u00e9s, consideren que el problema s\u2019agreujar\u00e0, ja que els agents poden acollir-se a una jubilaci\u00f3 anticipada als 61 anys i la mitjana d\u2019edat de la plantilla actual \u00e9s elevada.<\/p>\n<p>Per aquests motius, el partit aposta per refor\u00e7ar la plantilla municipal \u201cper anar progressivament situant-nos en la mitjana d\u2019efectius d\u2019altres municipis de Catalunya, que equivaldria a 1,5 agents de policia per cada mil habitants, que ens situaria en uns 115 efectius\u201d. En aquest sentit, per VR la situaci\u00f3 id\u00f2nia seria arribar a dos efectius per cada mil habitants, \u00e9s a dir, uns 150 efectius.<\/p>\n<p>A m\u00e9s, tamb\u00e9 plantegen demanar a la Generalitat incrementar el nombre de Mossos d\u2019Esquadra a la comissaria de Rub\u00ed.<\/p>\n<p>Incivisme<br \/>El partit tamb\u00e9 considera que \u201cl\u2019augment de l\u2019incivisme \u00e9s molt preocupant a la ciutat\u201d, Per aix\u00f2, proposa m\u00e9s i millors campanyes informatives i accions dissuas\u00f2ries per evitar aquests actes. Entre aquestes, aposten per \u201cimplementar un sistema de videovigil\u00e0ncia, en el marc de la proposta smart city, en punts estrat\u00e8gics del municipi per evitar accions inc\u00edviques i dificultar l\u2019acci\u00f3 de la delinq\u00fc\u00e8ncia organitzada que actua contra el patrimoni p\u00fablic i privat\u201d.<\/p>\n<p><a href=\"http:\/\/www.diariderubi.com\/noticia.php?i=33419&amp;k=diarirubi-vr-vol-policia-cameres-videovigilancia\" target=\"_blank\" rel=\"noopener\">Diari de Rub\u00ed<\/a><\/p>\n<p>[\/et_pb_text][\/et_pb_column][\/et_pb_row][\/et_pb_section]<\/p>\n","protected":false},"excerpt":{"rendered":"<p>Ve\u00efns per Rub\u00ed (VR) planteja un increment substancial de la plantilla de Policia Local i la instal\u00b7laci\u00f3 de c\u00e0meres de videovigil\u00e0ncia per lluitar, per una banda, contra la manca de sensaci\u00f3 de seguretat que creu que existeix a la ciutat, i, per altra part, contra els actes inc\u00edvics, que considera que estan augmentant. Pel que [&hellip;]<\/p>\n","protected":false},"author":1,"featured_media":822,"comment_status":"open","ping_status":"open","sticky":false,"template":"","format":"standard","meta":{"_et_pb_use_builder":"on","_et_pb_old_content":"","_et_gb_content_width":"","inline_featured_image":false,"footnotes":""},"categories":[17],"tags":[],"class_list":["post-982","post","type-post","status-publish","format-standard","has-post-thumbnail","hentry","category-noticies-es"],"yoast_head":"<!-- This site is optimized with the Yoast SEO plugin v18.7 - https:\/\/yoast.com\/wordpress\/plugins\/seo\/ -->\n<title>VR vol m\u00e9s pol\u00edcia i c\u00e0meres de videovigil\u00e0ncia - Ve\u00efns per Rub\u00ed<\/title>\n<meta name=\"robots\" content=\"index, follow, max-snippet:-1, max-image-preview:large, max-video-preview:-1\" \/>\n<link rel=\"canonical\" href=\"https:\/\/veinsxrubi.org\/es\/vr-vol-mes-policia-i-cameres-de-videovigilancia\/\" \/>\n<meta property=\"og:locale\" content=\"es_ES\" \/>\n<meta property=\"og:type\" content=\"article\" \/>\n<meta property=\"og:title\" content=\"VR vol m\u00e9s pol\u00edcia i c\u00e0meres de videovigil\u00e0ncia - Ve\u00efns per Rub\u00ed\" \/>\n<meta property=\"og:description\" content=\"Ve\u00efns per Rub\u00ed (VR) planteja un increment substancial de la plantilla de Policia Local i la instal\u00b7laci\u00f3 de c\u00e0meres de videovigil\u00e0ncia per lluitar, per una banda, contra la manca de sensaci\u00f3 de seguretat que creu que existeix a la ciutat, i, per altra part, contra els actes inc\u00edvics, que considera que estan augmentant. Pel que [&hellip;]\" \/>\n<meta property=\"og:url\" content=\"https:\/\/veinsxrubi.org\/es\/vr-vol-mes-policia-i-cameres-de-videovigilancia\/\" \/>\n<meta property=\"og:site_name\" content=\"Ve\u00efns per Rub\u00ed\" \/>\n<meta property=\"article:published_time\" content=\"2019-03-29T09:03:04+00:00\" \/>\n<meta property=\"og:image\" content=\"https:\/\/veinsxrubi.org\/wp-content\/uploads\/2022\/04\/33419.jpg\" \/>\n\t<meta property=\"og:image:width\" content=\"400\" \/>\n\t<meta property=\"og:image:height\" content=\"474\" \/>\n\t<meta property=\"og:image:type\" content=\"image\/jpeg\" \/>\n<meta name=\"twitter:card\" content=\"summary_large_image\" \/>\n<meta name=\"twitter:label1\" content=\"Escrito por\" \/>\n\t<meta name=\"twitter:data1\" content=\"mediatic-mc\" \/>\n\t<meta name=\"twitter:label2\" content=\"Tiempo de lectura\" \/>\n\t<meta name=\"twitter:data2\" content=\"2 minutos\" \/>\n<script type=\"application\/ld+json\" class=\"yoast-schema-graph\">{\"@context\":\"https:\/\/schema.org\",\"@graph\":[{\"@type\":\"WebSite\",\"@id\":\"https:\/\/veinsxrubi.org\/#website\",\"url\":\"https:\/\/veinsxrubi.org\/\",\"name\":\"Ve\u00efns per Rub\u00ed\",\"description\":\"\",\"potentialAction\":[{\"@type\":\"SearchAction\",\"target\":{\"@type\":\"EntryPoint\",\"urlTemplate\":\"https:\/\/veinsxrubi.org\/?s={search_term_string}\"},\"query-input\":\"required name=search_term_string\"}],\"inLanguage\":\"es\"},{\"@type\":\"ImageObject\",\"inLanguage\":\"es\",\"@id\":\"https:\/\/veinsxrubi.org\/es\/vr-vol-mes-policia-i-cameres-de-videovigilancia\/#primaryimage\",\"url\":\"https:\/\/veinsxrubi.org\/wp-content\/uploads\/2022\/04\/33419.jpg\",\"contentUrl\":\"https:\/\/veinsxrubi.org\/wp-content\/uploads\/2022\/04\/33419.jpg\",\"width\":400,\"height\":474},{\"@type\":\"WebPage\",\"@id\":\"https:\/\/veinsxrubi.org\/es\/vr-vol-mes-policia-i-cameres-de-videovigilancia\/#webpage\",\"url\":\"https:\/\/veinsxrubi.org\/es\/vr-vol-mes-policia-i-cameres-de-videovigilancia\/\",\"name\":\"VR vol m\u00e9s pol\u00edcia i c\u00e0meres de videovigil\u00e0ncia - Ve\u00efns per Rub\u00ed\",\"isPartOf\":{\"@id\":\"https:\/\/veinsxrubi.org\/#website\"},\"primaryImageOfPage\":{\"@id\":\"https:\/\/veinsxrubi.org\/es\/vr-vol-mes-policia-i-cameres-de-videovigilancia\/#primaryimage\"},\"datePublished\":\"2019-03-29T09:03:04+00:00\",\"dateModified\":\"2019-03-29T09:03:04+00:00\",\"author\":{\"@id\":\"https:\/\/veinsxrubi.org\/#\/schema\/person\/edc38d8c6e8244476e119cd9a2520548\"},\"breadcrumb\":{\"@id\":\"https:\/\/veinsxrubi.org\/es\/vr-vol-mes-policia-i-cameres-de-videovigilancia\/#breadcrumb\"},\"inLanguage\":\"es\",\"potentialAction\":[{\"@type\":\"ReadAction\",\"target\":[\"https:\/\/veinsxrubi.org\/es\/vr-vol-mes-policia-i-cameres-de-videovigilancia\/\"]}]},{\"@type\":\"BreadcrumbList\",\"@id\":\"https:\/\/veinsxrubi.org\/es\/vr-vol-mes-policia-i-cameres-de-videovigilancia\/#breadcrumb\",\"itemListElement\":[{\"@type\":\"ListItem\",\"position\":1,\"name\":\"Inici\",\"item\":\"https:\/\/veinsxrubi.org\/es\/\"},{\"@type\":\"ListItem\",\"position\":2,\"name\":\"VR vol m\u00e9s pol\u00edcia i c\u00e0meres de videovigil\u00e0ncia\"}]},{\"@type\":\"Person\",\"@id\":\"https:\/\/veinsxrubi.org\/#\/schema\/person\/edc38d8c6e8244476e119cd9a2520548\",\"name\":\"mediatic-mc\",\"image\":{\"@type\":\"ImageObject\",\"inLanguage\":\"es\",\"@id\":\"https:\/\/veinsxrubi.org\/#\/schema\/person\/image\/\",\"url\":\"https:\/\/secure.gravatar.com\/avatar\/a1f421040c7275c3ff5f095a1201caa49ec29eb6567df6e7f04f9edd916fab55?s=96&d=mm&r=g\",\"contentUrl\":\"https:\/\/secure.gravatar.com\/avatar\/a1f421040c7275c3ff5f095a1201caa49ec29eb6567df6e7f04f9edd916fab55?s=96&d=mm&r=g\",\"caption\":\"mediatic-mc\"},\"sameAs\":[\"http:\/\/veinsxrubi.org\/\"],\"url\":\"https:\/\/veinsxrubi.org\/es\/author\/mediatic-mc\/\"}]}<\/script>\n<!-- \/ Yoast SEO plugin. -->","yoast_head_json":{"title":"VR vol m\u00e9s pol\u00edcia i c\u00e0meres de videovigil\u00e0ncia - Ve\u00efns per Rub\u00ed","robots":{"index":"index","follow":"follow","max-snippet":"max-snippet:-1","max-image-preview":"max-image-preview:large","max-video-preview":"max-video-preview:-1"},"canonical":"https:\/\/veinsxrubi.org\/es\/vr-vol-mes-policia-i-cameres-de-videovigilancia\/","og_locale":"es_ES","og_type":"article","og_title":"VR vol m\u00e9s pol\u00edcia i c\u00e0meres de videovigil\u00e0ncia - Ve\u00efns per Rub\u00ed","og_description":"Ve\u00efns per Rub\u00ed (VR) planteja un increment substancial de la plantilla de Policia Local i la instal\u00b7laci\u00f3 de c\u00e0meres de videovigil\u00e0ncia per lluitar, per una banda, contra la manca de sensaci\u00f3 de seguretat que creu que existeix a la ciutat, i, per altra part, contra els actes inc\u00edvics, que considera que estan augmentant. Pel que [&hellip;]","og_url":"https:\/\/veinsxrubi.org\/es\/vr-vol-mes-policia-i-cameres-de-videovigilancia\/","og_site_name":"Ve\u00efns per Rub\u00ed","article_published_time":"2019-03-29T09:03:04+00:00","og_image":[{"width":400,"height":474,"url":"https:\/\/veinsxrubi.org\/wp-content\/uploads\/2022\/04\/33419.jpg","type":"image\/jpeg"}],"twitter_card":"summary_large_image","twitter_misc":{"Escrito por":"mediatic-mc","Tiempo de lectura":"2 minutos"},"schema":{"@context":"https:\/\/schema.org","@graph":[{"@type":"WebSite","@id":"https:\/\/veinsxrubi.org\/#website","url":"https:\/\/veinsxrubi.org\/","name":"Ve\u00efns per Rub\u00ed","description":"","potentialAction":[{"@type":"SearchAction","target":{"@type":"EntryPoint","urlTemplate":"https:\/\/veinsxrubi.org\/?s={search_term_string}"},"query-input":"required name=search_term_string"}],"inLanguage":"es"},{"@type":"ImageObject","inLanguage":"es","@id":"https:\/\/veinsxrubi.org\/es\/vr-vol-mes-policia-i-cameres-de-videovigilancia\/#primaryimage","url":"https:\/\/veinsxrubi.org\/wp-content\/uploads\/2022\/04\/33419.jpg","contentUrl":"https:\/\/veinsxrubi.org\/wp-content\/uploads\/2022\/04\/33419.jpg","width":400,"height":474},{"@type":"WebPage","@id":"https:\/\/veinsxrubi.org\/es\/vr-vol-mes-policia-i-cameres-de-videovigilancia\/#webpage","url":"https:\/\/veinsxrubi.org\/es\/vr-vol-mes-policia-i-cameres-de-videovigilancia\/","name":"VR vol m\u00e9s pol\u00edcia i c\u00e0meres de videovigil\u00e0ncia - Ve\u00efns per Rub\u00ed","isPartOf":{"@id":"https:\/\/veinsxrubi.org\/#website"},"primaryImageOfPage":{"@id":"https:\/\/veinsxrubi.org\/es\/vr-vol-mes-policia-i-cameres-de-videovigilancia\/#primaryimage"},"datePublished":"2019-03-29T09:03:04+00:00","dateModified":"2019-03-29T09:03:04+00:00","author":{"@id":"https:\/\/veinsxrubi.org\/#\/schema\/person\/edc38d8c6e8244476e119cd9a2520548"},"breadcrumb":{"@id":"https:\/\/veinsxrubi.org\/es\/vr-vol-mes-policia-i-cameres-de-videovigilancia\/#breadcrumb"},"inLanguage":"es","potentialAction":[{"@type":"ReadAction","target":["https:\/\/veinsxrubi.org\/es\/vr-vol-mes-policia-i-cameres-de-videovigilancia\/"]}]},{"@type":"BreadcrumbList","@id":"https:\/\/veinsxrubi.org\/es\/vr-vol-mes-policia-i-cameres-de-videovigilancia\/#breadcrumb","itemListElement":[{"@type":"ListItem","position":1,"name":"Inici","item":"https:\/\/veinsxrubi.org\/es\/"},{"@type":"ListItem","position":2,"name":"VR vol m\u00e9s pol\u00edcia i c\u00e0meres de videovigil\u00e0ncia"}]},{"@type":"Person","@id":"https:\/\/veinsxrubi.org\/#\/schema\/person\/edc38d8c6e8244476e119cd9a2520548","name":"mediatic-mc","image":{"@type":"ImageObject","inLanguage":"es","@id":"https:\/\/veinsxrubi.org\/#\/schema\/person\/image\/","url":"https:\/\/secure.gravatar.com\/avatar\/a1f421040c7275c3ff5f095a1201caa49ec29eb6567df6e7f04f9edd916fab55?s=96&d=mm&r=g","contentUrl":"https:\/\/secure.gravatar.com\/avatar\/a1f421040c7275c3ff5f095a1201caa49ec29eb6567df6e7f04f9edd916fab55?s=96&d=mm&r=g","caption":"mediatic-mc"},"sameAs":["http:\/\/veinsxrubi.org\/"],"url":"https:\/\/veinsxrubi.org\/es\/author\/mediatic-mc\/"}]}},"_links":{"self":[{"href":"https:\/\/veinsxrubi.org\/es\/wp-json\/wp\/v2\/posts\/982","targetHints":{"allow":["GET"]}}],"collection":[{"href":"https:\/\/veinsxrubi.org\/es\/wp-json\/wp\/v2\/posts"}],"about":[{"href":"https:\/\/veinsxrubi.org\/es\/wp-json\/wp\/v2\/types\/post"}],"author":[{"embeddable":true,"href":"https:\/\/veinsxrubi.org\/es\/wp-json\/wp\/v2\/users\/1"}],"replies":[{"embeddable":true,"href":"https:\/\/veinsxrubi.org\/es\/wp-json\/wp\/v2\/comments?post=982"}],"version-history":[{"count":0,"href":"https:\/\/veinsxrubi.org\/es\/wp-json\/wp\/v2\/posts\/982\/revisions"}],"wp:featuredmedia":[{"embeddable":true,"href":"https:\/\/veinsxrubi.org\/es\/wp-json\/wp\/v2\/media\/822"}],"wp:attachment":[{"href":"https:\/\/veinsxrubi.org\/es\/wp-json\/wp\/v2\/media?parent=982"}],"wp:term":[{"taxonomy":"category","embeddable":true,"href":"https:\/\/veinsxrubi.org\/es\/wp-json\/wp\/v2\/categories?post=982"},{"taxonomy":"post_tag","embeddable":true,"href":"https:\/\/veinsxrubi.org\/es\/wp-json\/wp\/v2\/tags?post=982"}],"curies":[{"name":"wp","href":"https:\/\/api.w.org\/{rel}","templated":true}]}}