{"id":981,"date":"2019-09-12T08:56:42","date_gmt":"2019-09-12T08:56:42","guid":{"rendered":"http:\/\/veinsxrubi.org\/veins-per-rubi-manifesta-la-seva-preocupacio-pel-creixement-de-lincivisme-a-la-ciutat\/"},"modified":"2019-09-12T08:56:42","modified_gmt":"2019-09-12T08:56:42","slug":"veins-per-rubi-manifesta-la-seva-preocupacio-pel-creixement-de-lincivisme-a-la-ciutat","status":"publish","type":"post","link":"https:\/\/veinsxrubi.org\/es\/veins-per-rubi-manifesta-la-seva-preocupacio-pel-creixement-de-lincivisme-a-la-ciutat\/","title":{"rendered":"Ve\u00efns per Rub\u00ed manifesta la seva preocupaci\u00f3 pel creixement de l\u2019incivisme a la ciutat"},"content":{"rendered":"<p>[et_pb_section fb_built=\u00bb1&#8243; theme_builder_area=\u00bbpost_content\u00bb _builder_version=\u00bb4.17.0&#8243; _module_preset=\u00bbdefault\u00bb][et_pb_row _builder_version=\u00bb4.17.0&#8243; _module_preset=\u00bbdefault\u00bb theme_builder_area=\u00bbpost_content\u00bb][et_pb_column _builder_version=\u00bb4.17.0&#8243; _module_preset=\u00bbdefault\u00bb type=\u00bb4_4&#8243; theme_builder_area=\u00bbpost_content\u00bb][et_pb_text _builder_version=\u00bb4.17.0&#8243; _module_preset=\u00bbdefault\u00bb theme_builder_area=\u00bbpost_content\u00bb hover_enabled=\u00bb0&#8243; sticky_enabled=\u00bb0&#8243; text_font=\u00bbHenjuLight|300|||||||\u00bb text_font_size=\u00bb14pt\u00bb text_line_height=\u00bb21pt\u00bb link_text_color=\u00bb#3a3a3a\u00bb link_font=\u00bb||||on||||\u00bb]<\/p>\n<p>La formaci\u00f3 pol\u00edtica planteja toler\u00e0ncia zero contra l\u2019incivisme amb m\u00e9s pressi\u00f3 policial i sancions<\/p>\n<p><strong>Ve\u00efns per Rub\u00ed<\/strong> (VR) ha em\u00e8s un comunicat on manifesta la seva preocupaci\u00f3 pel creixement de l\u2019incivisme a Rub\u00ed. Segons la formaci\u00f3 liderada per <strong>Toni Garcia<\/strong>, els actes inc\u00edvics s\u00f3n cada vegada m\u00e9s habituals, amb una sensaci\u00f3 de deixadesa per part dels diferents governs municipals.<\/p>\n<p>Per a VR, <strong>\u201cmalgrat que siguin una minoria els inc\u00edvics, aquests generen un problema de conviv\u00e8ncia amb la majoria de la ciutadania del municipi\u201d<\/strong>.<\/p>\n<p>En el seu comunicat, la formaci\u00f3 destaca alguns <strong>problemes d\u2019incivisme habituals<\/strong> com restes de runa, mobles o poda, a qualsevol lloc, i especialment a les <strong>urbanitzacions<\/strong>, que es deixen amb total impunitat, i que suposen despeses extres de recollida per l\u2019Ajuntament. En el cas de mobles i poda, recorden que hi ha un servei gratu\u00eft de recollida a domicili, <strong>\u201ctot i que algunes persones decideixen no fer servir, o desconeixen l\u2019exist\u00e8ncia d\u2019aquest servei (Tel\u00e8fon Verd: 900 130 130)\u201d<\/strong>.<\/p>\n<p>VR tamb\u00e9 denuncia una escena habitual com trobar-se <strong>bosses d\u2019escombraries<\/strong> al costat dels contenidors de recollida selectiva, i un mal \u00fas dels punts de recollida de la <strong>deixalleria m\u00f2bil<\/strong>, on hi ha bosses i altres elements fora dels dies i horaris de recollida.<\/p>\n<p>La formaci\u00f3 recorda que va presentar una moci\u00f3 en el ple de juliol de 2018 sobre els vehicles estacionats de manera indeguda, ja sigui en voreres, passos de vianants, o en zones expressament prohibides. Segons VR <strong>\u201calguns usuaris de xarxes socials denuncien p\u00fablicament i de forma reiterada una mateixa infracci\u00f3 i no s\u2019actua de forma eficient, perqu\u00e8 la infracci\u00f3 es reitera en el temps i, fins i tot, s\u2019amplia amb altres vehicles\u201d<\/strong>.<\/p>\n<p>Altres mostres d\u2019incivisme que destaquen en el comunicat s\u00f3n el soroll nocturn en places p\u00fabliques que pertorben el descans dels ve\u00efns, on es deixen restes d\u2019ampolles i brut\u00edcia, tot referint-se a les recents queixes de ve\u00efns de la <strong>Pla\u00e7a Montserrat Roig<\/strong> i la <strong>Pla\u00e7a de la Rep\u00fablica<\/strong>. Tamb\u00e9 asseguren haver detectat una manca de control en la venda d\u2019alcohol a menors d\u2019edat.<\/p>\n<p>El partit de Toni Garcia tamb\u00e9 menciona els sorolls a les nits en equipament privats que tamb\u00e9 generen problemes de conviv\u00e8ncia amb els ve\u00efns de les zones afectades, aix\u00ed com els excrements d\u2019animals que no s\u00f3n recollits pels seus propietaris, o gossos sense lligar fora de les zones d\u2019esbarjo per a gossos,<strong> \u201cprohibit expressament per l\u2019ordenan\u00e7a municipal reguladora de tinen\u00e7a d\u2019animals\u201d<\/strong>.<\/p>\n<p>Davant aquest increment de l\u2019incivisme, la formaci\u00f3 afirma haver-se trobat amb una actitud de toler\u00e0ncia amb aquests actes per part dels diferents governs municipals, <strong>\u201ci la pol\u00edtica de prevenci\u00f3 en els \u00faltims 40 anys no ha funcionat, tenint en compte els resultats que ara ens trobem\u201d<\/strong>.<\/p>\n<p>Per a Ve\u00efns per Rub\u00ed, aquesta situaci\u00f3 es converteix en un cercle vici\u00f3s, ja que hi ha una minoria que afecta la majoria i d\u00f3na un mal exemple que convida a m\u00e9s incivisme per part d\u2019altres persones, <strong>\u201ci d\u00f3na una imatge molt dolenta de la ciutat, de deixadesa i brut\u00edcia\u201d<\/strong>.<\/p>\n<p>En aquest sentit, des de VR plantegen <strong>toler\u00e0ncia zero<\/strong> amb l\u2019incivisme, amb m\u00e9s pressi\u00f3 policial i sancions, combinada amb noves pol\u00edtiques de prevenci\u00f3 per part de l\u2019Ajuntament, que permetin revertir a poc a poc aquesta situaci\u00f3.<\/p>\n<p><a href=\"https:\/\/www.totrubi.cat\/actualitat\/politica\/veins-per-rubi-manifesta-la-seva-preocupacio-pel-creixement-de-l-incivisme-a-la-ciutat_2070457102.html\">Tot Rub\u00ed<\/a><\/p>\n<p>[\/et_pb_text][\/et_pb_column][\/et_pb_row][\/et_pb_section]<\/p>\n","protected":false},"excerpt":{"rendered":"<p>La formaci\u00f3 pol\u00edtica planteja toler\u00e0ncia zero contra l\u2019incivisme amb m\u00e9s pressi\u00f3 policial i sancions Ve\u00efns per Rub\u00ed (VR) ha em\u00e8s un comunicat on manifesta la seva preocupaci\u00f3 pel creixement de l\u2019incivisme a Rub\u00ed. Segons la formaci\u00f3 liderada per Toni Garcia, els actes inc\u00edvics s\u00f3n cada vegada m\u00e9s habituals, amb una sensaci\u00f3 de deixadesa per part [&hellip;]<\/p>\n","protected":false},"author":1,"featured_media":821,"comment_status":"open","ping_status":"open","sticky":false,"template":"","format":"standard","meta":{"_et_pb_use_builder":"on","_et_pb_old_content":"","_et_gb_content_width":"","inline_featured_image":false,"footnotes":""},"categories":[17],"tags":[],"class_list":["post-981","post","type-post","status-publish","format-standard","has-post-thumbnail","hentry","category-noticies-es"],"yoast_head":"<!-- This site is optimized with the Yoast SEO plugin v18.7 - https:\/\/yoast.com\/wordpress\/plugins\/seo\/ -->\n<title>Ve\u00efns per Rub\u00ed manifesta la seva preocupaci\u00f3 pel creixement de l\u2019incivisme a la ciutat - Ve\u00efns per Rub\u00ed<\/title>\n<meta name=\"robots\" content=\"index, follow, max-snippet:-1, max-image-preview:large, max-video-preview:-1\" \/>\n<link rel=\"canonical\" href=\"https:\/\/veinsxrubi.org\/es\/veins-per-rubi-manifesta-la-seva-preocupacio-pel-creixement-de-lincivisme-a-la-ciutat\/\" \/>\n<meta property=\"og:locale\" content=\"es_ES\" \/>\n<meta property=\"og:type\" content=\"article\" \/>\n<meta property=\"og:title\" content=\"Ve\u00efns per Rub\u00ed manifesta la seva preocupaci\u00f3 pel creixement de l\u2019incivisme a la ciutat - Ve\u00efns per Rub\u00ed\" \/>\n<meta property=\"og:description\" content=\"La formaci\u00f3 pol\u00edtica planteja toler\u00e0ncia zero contra l\u2019incivisme amb m\u00e9s pressi\u00f3 policial i sancions Ve\u00efns per Rub\u00ed (VR) ha em\u00e8s un comunicat on manifesta la seva preocupaci\u00f3 pel creixement de l\u2019incivisme a Rub\u00ed. Segons la formaci\u00f3 liderada per Toni Garcia, els actes inc\u00edvics s\u00f3n cada vegada m\u00e9s habituals, amb una sensaci\u00f3 de deixadesa per part [&hellip;]\" \/>\n<meta property=\"og:url\" content=\"https:\/\/veinsxrubi.org\/es\/veins-per-rubi-manifesta-la-seva-preocupacio-pel-creixement-de-lincivisme-a-la-ciutat\/\" \/>\n<meta property=\"og:site_name\" content=\"Ve\u00efns per Rub\u00ed\" \/>\n<meta property=\"article:published_time\" content=\"2019-09-12T08:56:42+00:00\" \/>\n<meta property=\"og:image\" content=\"https:\/\/veinsxrubi.org\/wp-content\/uploads\/2022\/04\/sofa_46_800x400.jpg\" \/>\n\t<meta property=\"og:image:width\" content=\"702\" \/>\n\t<meta property=\"og:image:height\" content=\"452\" \/>\n\t<meta property=\"og:image:type\" content=\"image\/jpeg\" \/>\n<meta name=\"twitter:card\" content=\"summary_large_image\" \/>\n<meta name=\"twitter:label1\" content=\"Escrito por\" \/>\n\t<meta name=\"twitter:data1\" content=\"mediatic-mc\" \/>\n\t<meta name=\"twitter:label2\" content=\"Tiempo de lectura\" \/>\n\t<meta name=\"twitter:data2\" content=\"3 minutos\" \/>\n<script type=\"application\/ld+json\" class=\"yoast-schema-graph\">{\"@context\":\"https:\/\/schema.org\",\"@graph\":[{\"@type\":\"WebSite\",\"@id\":\"https:\/\/veinsxrubi.org\/#website\",\"url\":\"https:\/\/veinsxrubi.org\/\",\"name\":\"Ve\u00efns per Rub\u00ed\",\"description\":\"\",\"potentialAction\":[{\"@type\":\"SearchAction\",\"target\":{\"@type\":\"EntryPoint\",\"urlTemplate\":\"https:\/\/veinsxrubi.org\/?s={search_term_string}\"},\"query-input\":\"required name=search_term_string\"}],\"inLanguage\":\"es\"},{\"@type\":\"ImageObject\",\"inLanguage\":\"es\",\"@id\":\"https:\/\/veinsxrubi.org\/es\/veins-per-rubi-manifesta-la-seva-preocupacio-pel-creixement-de-lincivisme-a-la-ciutat\/#primaryimage\",\"url\":\"https:\/\/veinsxrubi.org\/wp-content\/uploads\/2022\/04\/sofa_46_800x400.jpg\",\"contentUrl\":\"https:\/\/veinsxrubi.org\/wp-content\/uploads\/2022\/04\/sofa_46_800x400.jpg\",\"width\":702,\"height\":452},{\"@type\":\"WebPage\",\"@id\":\"https:\/\/veinsxrubi.org\/es\/veins-per-rubi-manifesta-la-seva-preocupacio-pel-creixement-de-lincivisme-a-la-ciutat\/#webpage\",\"url\":\"https:\/\/veinsxrubi.org\/es\/veins-per-rubi-manifesta-la-seva-preocupacio-pel-creixement-de-lincivisme-a-la-ciutat\/\",\"name\":\"Ve\u00efns per Rub\u00ed manifesta la seva preocupaci\u00f3 pel creixement de l\u2019incivisme a la ciutat - Ve\u00efns per Rub\u00ed\",\"isPartOf\":{\"@id\":\"https:\/\/veinsxrubi.org\/#website\"},\"primaryImageOfPage\":{\"@id\":\"https:\/\/veinsxrubi.org\/es\/veins-per-rubi-manifesta-la-seva-preocupacio-pel-creixement-de-lincivisme-a-la-ciutat\/#primaryimage\"},\"datePublished\":\"2019-09-12T08:56:42+00:00\",\"dateModified\":\"2019-09-12T08:56:42+00:00\",\"author\":{\"@id\":\"https:\/\/veinsxrubi.org\/#\/schema\/person\/edc38d8c6e8244476e119cd9a2520548\"},\"breadcrumb\":{\"@id\":\"https:\/\/veinsxrubi.org\/es\/veins-per-rubi-manifesta-la-seva-preocupacio-pel-creixement-de-lincivisme-a-la-ciutat\/#breadcrumb\"},\"inLanguage\":\"es\",\"potentialAction\":[{\"@type\":\"ReadAction\",\"target\":[\"https:\/\/veinsxrubi.org\/es\/veins-per-rubi-manifesta-la-seva-preocupacio-pel-creixement-de-lincivisme-a-la-ciutat\/\"]}]},{\"@type\":\"BreadcrumbList\",\"@id\":\"https:\/\/veinsxrubi.org\/es\/veins-per-rubi-manifesta-la-seva-preocupacio-pel-creixement-de-lincivisme-a-la-ciutat\/#breadcrumb\",\"itemListElement\":[{\"@type\":\"ListItem\",\"position\":1,\"name\":\"Inici\",\"item\":\"https:\/\/veinsxrubi.org\/es\/\"},{\"@type\":\"ListItem\",\"position\":2,\"name\":\"Ve\u00efns per Rub\u00ed manifesta la seva preocupaci\u00f3 pel creixement de l\u2019incivisme a la ciutat\"}]},{\"@type\":\"Person\",\"@id\":\"https:\/\/veinsxrubi.org\/#\/schema\/person\/edc38d8c6e8244476e119cd9a2520548\",\"name\":\"mediatic-mc\",\"image\":{\"@type\":\"ImageObject\",\"inLanguage\":\"es\",\"@id\":\"https:\/\/veinsxrubi.org\/#\/schema\/person\/image\/\",\"url\":\"https:\/\/secure.gravatar.com\/avatar\/a1f421040c7275c3ff5f095a1201caa49ec29eb6567df6e7f04f9edd916fab55?s=96&d=mm&r=g\",\"contentUrl\":\"https:\/\/secure.gravatar.com\/avatar\/a1f421040c7275c3ff5f095a1201caa49ec29eb6567df6e7f04f9edd916fab55?s=96&d=mm&r=g\",\"caption\":\"mediatic-mc\"},\"sameAs\":[\"http:\/\/veinsxrubi.org\/\"],\"url\":\"https:\/\/veinsxrubi.org\/es\/author\/mediatic-mc\/\"}]}<\/script>\n<!-- \/ Yoast SEO plugin. -->","yoast_head_json":{"title":"Ve\u00efns per Rub\u00ed manifesta la seva preocupaci\u00f3 pel creixement de l\u2019incivisme a la ciutat - Ve\u00efns per Rub\u00ed","robots":{"index":"index","follow":"follow","max-snippet":"max-snippet:-1","max-image-preview":"max-image-preview:large","max-video-preview":"max-video-preview:-1"},"canonical":"https:\/\/veinsxrubi.org\/es\/veins-per-rubi-manifesta-la-seva-preocupacio-pel-creixement-de-lincivisme-a-la-ciutat\/","og_locale":"es_ES","og_type":"article","og_title":"Ve\u00efns per Rub\u00ed manifesta la seva preocupaci\u00f3 pel creixement de l\u2019incivisme a la ciutat - Ve\u00efns per Rub\u00ed","og_description":"La formaci\u00f3 pol\u00edtica planteja toler\u00e0ncia zero contra l\u2019incivisme amb m\u00e9s pressi\u00f3 policial i sancions Ve\u00efns per Rub\u00ed (VR) ha em\u00e8s un comunicat on manifesta la seva preocupaci\u00f3 pel creixement de l\u2019incivisme a Rub\u00ed. Segons la formaci\u00f3 liderada per Toni Garcia, els actes inc\u00edvics s\u00f3n cada vegada m\u00e9s habituals, amb una sensaci\u00f3 de deixadesa per part [&hellip;]","og_url":"https:\/\/veinsxrubi.org\/es\/veins-per-rubi-manifesta-la-seva-preocupacio-pel-creixement-de-lincivisme-a-la-ciutat\/","og_site_name":"Ve\u00efns per Rub\u00ed","article_published_time":"2019-09-12T08:56:42+00:00","og_image":[{"width":702,"height":452,"url":"https:\/\/veinsxrubi.org\/wp-content\/uploads\/2022\/04\/sofa_46_800x400.jpg","type":"image\/jpeg"}],"twitter_card":"summary_large_image","twitter_misc":{"Escrito por":"mediatic-mc","Tiempo de lectura":"3 minutos"},"schema":{"@context":"https:\/\/schema.org","@graph":[{"@type":"WebSite","@id":"https:\/\/veinsxrubi.org\/#website","url":"https:\/\/veinsxrubi.org\/","name":"Ve\u00efns per Rub\u00ed","description":"","potentialAction":[{"@type":"SearchAction","target":{"@type":"EntryPoint","urlTemplate":"https:\/\/veinsxrubi.org\/?s={search_term_string}"},"query-input":"required name=search_term_string"}],"inLanguage":"es"},{"@type":"ImageObject","inLanguage":"es","@id":"https:\/\/veinsxrubi.org\/es\/veins-per-rubi-manifesta-la-seva-preocupacio-pel-creixement-de-lincivisme-a-la-ciutat\/#primaryimage","url":"https:\/\/veinsxrubi.org\/wp-content\/uploads\/2022\/04\/sofa_46_800x400.jpg","contentUrl":"https:\/\/veinsxrubi.org\/wp-content\/uploads\/2022\/04\/sofa_46_800x400.jpg","width":702,"height":452},{"@type":"WebPage","@id":"https:\/\/veinsxrubi.org\/es\/veins-per-rubi-manifesta-la-seva-preocupacio-pel-creixement-de-lincivisme-a-la-ciutat\/#webpage","url":"https:\/\/veinsxrubi.org\/es\/veins-per-rubi-manifesta-la-seva-preocupacio-pel-creixement-de-lincivisme-a-la-ciutat\/","name":"Ve\u00efns per Rub\u00ed manifesta la seva preocupaci\u00f3 pel creixement de l\u2019incivisme a la ciutat - Ve\u00efns per Rub\u00ed","isPartOf":{"@id":"https:\/\/veinsxrubi.org\/#website"},"primaryImageOfPage":{"@id":"https:\/\/veinsxrubi.org\/es\/veins-per-rubi-manifesta-la-seva-preocupacio-pel-creixement-de-lincivisme-a-la-ciutat\/#primaryimage"},"datePublished":"2019-09-12T08:56:42+00:00","dateModified":"2019-09-12T08:56:42+00:00","author":{"@id":"https:\/\/veinsxrubi.org\/#\/schema\/person\/edc38d8c6e8244476e119cd9a2520548"},"breadcrumb":{"@id":"https:\/\/veinsxrubi.org\/es\/veins-per-rubi-manifesta-la-seva-preocupacio-pel-creixement-de-lincivisme-a-la-ciutat\/#breadcrumb"},"inLanguage":"es","potentialAction":[{"@type":"ReadAction","target":["https:\/\/veinsxrubi.org\/es\/veins-per-rubi-manifesta-la-seva-preocupacio-pel-creixement-de-lincivisme-a-la-ciutat\/"]}]},{"@type":"BreadcrumbList","@id":"https:\/\/veinsxrubi.org\/es\/veins-per-rubi-manifesta-la-seva-preocupacio-pel-creixement-de-lincivisme-a-la-ciutat\/#breadcrumb","itemListElement":[{"@type":"ListItem","position":1,"name":"Inici","item":"https:\/\/veinsxrubi.org\/es\/"},{"@type":"ListItem","position":2,"name":"Ve\u00efns per Rub\u00ed manifesta la seva preocupaci\u00f3 pel creixement de l\u2019incivisme a la ciutat"}]},{"@type":"Person","@id":"https:\/\/veinsxrubi.org\/#\/schema\/person\/edc38d8c6e8244476e119cd9a2520548","name":"mediatic-mc","image":{"@type":"ImageObject","inLanguage":"es","@id":"https:\/\/veinsxrubi.org\/#\/schema\/person\/image\/","url":"https:\/\/secure.gravatar.com\/avatar\/a1f421040c7275c3ff5f095a1201caa49ec29eb6567df6e7f04f9edd916fab55?s=96&d=mm&r=g","contentUrl":"https:\/\/secure.gravatar.com\/avatar\/a1f421040c7275c3ff5f095a1201caa49ec29eb6567df6e7f04f9edd916fab55?s=96&d=mm&r=g","caption":"mediatic-mc"},"sameAs":["http:\/\/veinsxrubi.org\/"],"url":"https:\/\/veinsxrubi.org\/es\/author\/mediatic-mc\/"}]}},"_links":{"self":[{"href":"https:\/\/veinsxrubi.org\/es\/wp-json\/wp\/v2\/posts\/981","targetHints":{"allow":["GET"]}}],"collection":[{"href":"https:\/\/veinsxrubi.org\/es\/wp-json\/wp\/v2\/posts"}],"about":[{"href":"https:\/\/veinsxrubi.org\/es\/wp-json\/wp\/v2\/types\/post"}],"author":[{"embeddable":true,"href":"https:\/\/veinsxrubi.org\/es\/wp-json\/wp\/v2\/users\/1"}],"replies":[{"embeddable":true,"href":"https:\/\/veinsxrubi.org\/es\/wp-json\/wp\/v2\/comments?post=981"}],"version-history":[{"count":0,"href":"https:\/\/veinsxrubi.org\/es\/wp-json\/wp\/v2\/posts\/981\/revisions"}],"wp:featuredmedia":[{"embeddable":true,"href":"https:\/\/veinsxrubi.org\/es\/wp-json\/wp\/v2\/media\/821"}],"wp:attachment":[{"href":"https:\/\/veinsxrubi.org\/es\/wp-json\/wp\/v2\/media?parent=981"}],"wp:term":[{"taxonomy":"category","embeddable":true,"href":"https:\/\/veinsxrubi.org\/es\/wp-json\/wp\/v2\/categories?post=981"},{"taxonomy":"post_tag","embeddable":true,"href":"https:\/\/veinsxrubi.org\/es\/wp-json\/wp\/v2\/tags?post=981"}],"curies":[{"name":"wp","href":"https:\/\/api.w.org\/{rel}","templated":true}]}}