{"id":980,"date":"2019-09-17T08:50:11","date_gmt":"2019-09-17T08:50:11","guid":{"rendered":"http:\/\/veinsxrubi.org\/veins-per-rubi-demana-la-creacio-duna-nova-deixalleria-a-les-urbanitzacions\/"},"modified":"2019-09-17T08:50:11","modified_gmt":"2019-09-17T08:50:11","slug":"veins-per-rubi-demana-la-creacio-duna-nova-deixalleria-a-les-urbanitzacions","status":"publish","type":"post","link":"https:\/\/veinsxrubi.org\/es\/veins-per-rubi-demana-la-creacio-duna-nova-deixalleria-a-les-urbanitzacions\/","title":{"rendered":"Ve\u00efns per Rub\u00ed demana la creaci\u00f3 d\u2019una nova deixalleria a les urbanitzacions"},"content":{"rendered":"<p>[et_pb_section fb_built=\u00bb1&#8243; theme_builder_area=\u00bbpost_content\u00bb _builder_version=\u00bb4.17.0&#8243; _module_preset=\u00bbdefault\u00bb][et_pb_row _builder_version=\u00bb4.17.0&#8243; _module_preset=\u00bbdefault\u00bb theme_builder_area=\u00bbpost_content\u00bb][et_pb_column _builder_version=\u00bb4.17.0&#8243; _module_preset=\u00bbdefault\u00bb type=\u00bb4_4&#8243; theme_builder_area=\u00bbpost_content\u00bb][et_pb_text _builder_version=\u00bb4.17.0&#8243; _module_preset=\u00bbdefault\u00bb theme_builder_area=\u00bbpost_content\u00bb text_font=\u00bbHenjuLight|300|||||||\u00bb text_font_size=\u00bb14pt\u00bb text_line_height=\u00bb21pt\u00bb hover_enabled=\u00bb0&#8243; sticky_enabled=\u00bb0&#8243;]El grup municipal presentar\u00e0 la moci\u00f3 en el ple per facilitar l\u2019acc\u00e9s d\u2019aquest servei als habitants que viuen lluny de la deixalleria Cova Solera<br \/>\nEl pr\u00f2xim 26 de setembre se celebrar\u00e0 el ple municipal del mes i Ve\u00efns per Rub\u00ed (VR) ja ha avan\u00e7at que presentar\u00e0 una moci\u00f3 per demanar que es posi en marxa un estudi de viabilitat per instal\u00b7lar una nova deixalleria a les urbanitzacions, estrat\u00e8gicament ubicada, per facilitar l\u2019acc\u00e9s als seus habitants.<\/p>\n<p>VR ha explicat que Rub\u00ed est\u00e0 distribu\u00eft en un nucli urb\u00e0 dens, i en diferents urbanitzacions amb una \u00e0mplia extensi\u00f3 i amb un creixement de poblaci\u00f3 molt important en els \u00faltims anys, fet que ha suposat un especial d\u00e8ficit d\u2019equipaments i serveis p\u00fablics, per una poblaci\u00f3 que representa m\u00e9s del 15% del municipi. A m\u00e9s, han destacat que els punts m\u00e9s llunyans de les urbanitzacions, se situen a uns 9 km de la deixalleria de Cova Solera, mentre que la dist\u00e0ncia a la deixalleria m\u00e9s propera del municipi ve\u00ed de Terrassa se situa a 6 km. <\/p>\n<p>Aix\u00ed doncs, la formaci\u00f3 aposta per instal\u00b7lar una nova deixalleria i considera que l\u2019Ajuntament hauria de reservar el s\u00f2l necessari, a trav\u00e9s dels seus instruments de planejament urban\u00edstic, per establir el seu empla\u00e7ament i, tamb\u00e9, hauria de contemplar-se en el Pla d\u2019Equipaments del municipi: \u201cPer una poblaci\u00f3 lleugerament superior a deu mil habitants que viuen a les nostres urbanitzacions, es podria valorar la construcci\u00f3 d\u2019una deixalleria de Tipus A, d\u2019acord amb les recomanacions de l\u2019Ag\u00e8ncia Catalana de Residus, amb un m\u00ednim de 625 m2.\u201d<\/p>\n<p>El grup municipal ha remarcat que les deixalleries s\u00f3n instal\u00b7lacions que permeten assolir nivells m\u00e9s alts de recollida selectiva i que tamb\u00e9 poden prestar tasques de suport al servei municipal de recollida de residus, \u201cfet molt rellevant en un municipi com el nostre, on la recollida selectiva se situa en nivells molt baixos, i on no s\u2019han fet durant els \u00faltims anys, per part dels diferents governs municipals, accions efectives per millorar aquests resultats\u201d. [\/et_pb_text][\/et_pb_column][\/et_pb_row][\/et_pb_section]<\/p>\n","protected":false},"excerpt":{"rendered":"<p>El grup municipal presentar\u00e0 la moci\u00f3 en el ple per facilitar l\u2019acc\u00e9s d\u2019aquest servei als habitants que viuen lluny de la deixalleria Cova Solera El pr\u00f2xim 26 de setembre se celebrar\u00e0 el ple municipal del mes i Ve\u00efns per Rub\u00ed (VR) ja ha avan\u00e7at que presentar\u00e0 una moci\u00f3 per demanar que es posi en marxa [&hellip;]<\/p>\n","protected":false},"author":1,"featured_media":820,"comment_status":"open","ping_status":"open","sticky":false,"template":"","format":"standard","meta":{"_et_pb_use_builder":"on","_et_pb_old_content":"","_et_gb_content_width":"","inline_featured_image":false,"footnotes":""},"categories":[17],"tags":[],"class_list":["post-980","post","type-post","status-publish","format-standard","has-post-thumbnail","hentry","category-noticies-es"],"yoast_head":"<!-- This site is optimized with the Yoast SEO plugin v18.7 - https:\/\/yoast.com\/wordpress\/plugins\/seo\/ -->\n<title>Ve\u00efns per Rub\u00ed demana la creaci\u00f3 d\u2019una nova deixalleria a les urbanitzacions - Ve\u00efns per Rub\u00ed<\/title>\n<meta name=\"robots\" content=\"index, follow, max-snippet:-1, max-image-preview:large, max-video-preview:-1\" \/>\n<link rel=\"canonical\" href=\"https:\/\/veinsxrubi.org\/es\/veins-per-rubi-demana-la-creacio-duna-nova-deixalleria-a-les-urbanitzacions\/\" \/>\n<meta property=\"og:locale\" content=\"es_ES\" \/>\n<meta property=\"og:type\" content=\"article\" \/>\n<meta property=\"og:title\" content=\"Ve\u00efns per Rub\u00ed demana la creaci\u00f3 d\u2019una nova deixalleria a les urbanitzacions - Ve\u00efns per Rub\u00ed\" \/>\n<meta property=\"og:description\" content=\"El grup municipal presentar\u00e0 la moci\u00f3 en el ple per facilitar l\u2019acc\u00e9s d\u2019aquest servei als habitants que viuen lluny de la deixalleria Cova Solera El pr\u00f2xim 26 de setembre se celebrar\u00e0 el ple municipal del mes i Ve\u00efns per Rub\u00ed (VR) ja ha avan\u00e7at que presentar\u00e0 una moci\u00f3 per demanar que es posi en marxa [&hellip;]\" \/>\n<meta property=\"og:url\" content=\"https:\/\/veinsxrubi.org\/es\/veins-per-rubi-demana-la-creacio-duna-nova-deixalleria-a-les-urbanitzacions\/\" \/>\n<meta property=\"og:site_name\" content=\"Ve\u00efns per Rub\u00ed\" \/>\n<meta property=\"article:published_time\" content=\"2019-09-17T08:50:11+00:00\" \/>\n<meta property=\"og:image\" content=\"https:\/\/veinsxrubi.org\/wp-content\/uploads\/2022\/04\/1200_1568734494image-2.jpg\" \/>\n\t<meta property=\"og:image:width\" content=\"706\" \/>\n\t<meta property=\"og:image:height\" content=\"452\" \/>\n\t<meta property=\"og:image:type\" content=\"image\/jpeg\" \/>\n<meta name=\"twitter:card\" content=\"summary_large_image\" \/>\n<meta name=\"twitter:label1\" content=\"Escrito por\" \/>\n\t<meta name=\"twitter:data1\" content=\"mediatic-mc\" \/>\n\t<meta name=\"twitter:label2\" content=\"Tiempo de lectura\" \/>\n\t<meta name=\"twitter:data2\" content=\"2 minutos\" \/>\n<script type=\"application\/ld+json\" class=\"yoast-schema-graph\">{\"@context\":\"https:\/\/schema.org\",\"@graph\":[{\"@type\":\"WebSite\",\"@id\":\"https:\/\/veinsxrubi.org\/#website\",\"url\":\"https:\/\/veinsxrubi.org\/\",\"name\":\"Ve\u00efns per Rub\u00ed\",\"description\":\"\",\"potentialAction\":[{\"@type\":\"SearchAction\",\"target\":{\"@type\":\"EntryPoint\",\"urlTemplate\":\"https:\/\/veinsxrubi.org\/?s={search_term_string}\"},\"query-input\":\"required name=search_term_string\"}],\"inLanguage\":\"es\"},{\"@type\":\"ImageObject\",\"inLanguage\":\"es\",\"@id\":\"https:\/\/veinsxrubi.org\/es\/veins-per-rubi-demana-la-creacio-duna-nova-deixalleria-a-les-urbanitzacions\/#primaryimage\",\"url\":\"https:\/\/veinsxrubi.org\/wp-content\/uploads\/2022\/04\/1200_1568734494image-2.jpg\",\"contentUrl\":\"https:\/\/veinsxrubi.org\/wp-content\/uploads\/2022\/04\/1200_1568734494image-2.jpg\",\"width\":706,\"height\":452},{\"@type\":\"WebPage\",\"@id\":\"https:\/\/veinsxrubi.org\/es\/veins-per-rubi-demana-la-creacio-duna-nova-deixalleria-a-les-urbanitzacions\/#webpage\",\"url\":\"https:\/\/veinsxrubi.org\/es\/veins-per-rubi-demana-la-creacio-duna-nova-deixalleria-a-les-urbanitzacions\/\",\"name\":\"Ve\u00efns per Rub\u00ed demana la creaci\u00f3 d\u2019una nova deixalleria a les urbanitzacions - Ve\u00efns per Rub\u00ed\",\"isPartOf\":{\"@id\":\"https:\/\/veinsxrubi.org\/#website\"},\"primaryImageOfPage\":{\"@id\":\"https:\/\/veinsxrubi.org\/es\/veins-per-rubi-demana-la-creacio-duna-nova-deixalleria-a-les-urbanitzacions\/#primaryimage\"},\"datePublished\":\"2019-09-17T08:50:11+00:00\",\"dateModified\":\"2019-09-17T08:50:11+00:00\",\"author\":{\"@id\":\"https:\/\/veinsxrubi.org\/#\/schema\/person\/edc38d8c6e8244476e119cd9a2520548\"},\"breadcrumb\":{\"@id\":\"https:\/\/veinsxrubi.org\/es\/veins-per-rubi-demana-la-creacio-duna-nova-deixalleria-a-les-urbanitzacions\/#breadcrumb\"},\"inLanguage\":\"es\",\"potentialAction\":[{\"@type\":\"ReadAction\",\"target\":[\"https:\/\/veinsxrubi.org\/es\/veins-per-rubi-demana-la-creacio-duna-nova-deixalleria-a-les-urbanitzacions\/\"]}]},{\"@type\":\"BreadcrumbList\",\"@id\":\"https:\/\/veinsxrubi.org\/es\/veins-per-rubi-demana-la-creacio-duna-nova-deixalleria-a-les-urbanitzacions\/#breadcrumb\",\"itemListElement\":[{\"@type\":\"ListItem\",\"position\":1,\"name\":\"Inici\",\"item\":\"https:\/\/veinsxrubi.org\/es\/\"},{\"@type\":\"ListItem\",\"position\":2,\"name\":\"Ve\u00efns per Rub\u00ed demana la creaci\u00f3 d\u2019una nova deixalleria a les urbanitzacions\"}]},{\"@type\":\"Person\",\"@id\":\"https:\/\/veinsxrubi.org\/#\/schema\/person\/edc38d8c6e8244476e119cd9a2520548\",\"name\":\"mediatic-mc\",\"image\":{\"@type\":\"ImageObject\",\"inLanguage\":\"es\",\"@id\":\"https:\/\/veinsxrubi.org\/#\/schema\/person\/image\/\",\"url\":\"https:\/\/secure.gravatar.com\/avatar\/a1f421040c7275c3ff5f095a1201caa49ec29eb6567df6e7f04f9edd916fab55?s=96&d=mm&r=g\",\"contentUrl\":\"https:\/\/secure.gravatar.com\/avatar\/a1f421040c7275c3ff5f095a1201caa49ec29eb6567df6e7f04f9edd916fab55?s=96&d=mm&r=g\",\"caption\":\"mediatic-mc\"},\"sameAs\":[\"http:\/\/veinsxrubi.org\/\"],\"url\":\"https:\/\/veinsxrubi.org\/es\/author\/mediatic-mc\/\"}]}<\/script>\n<!-- \/ Yoast SEO plugin. -->","yoast_head_json":{"title":"Ve\u00efns per Rub\u00ed demana la creaci\u00f3 d\u2019una nova deixalleria a les urbanitzacions - Ve\u00efns per Rub\u00ed","robots":{"index":"index","follow":"follow","max-snippet":"max-snippet:-1","max-image-preview":"max-image-preview:large","max-video-preview":"max-video-preview:-1"},"canonical":"https:\/\/veinsxrubi.org\/es\/veins-per-rubi-demana-la-creacio-duna-nova-deixalleria-a-les-urbanitzacions\/","og_locale":"es_ES","og_type":"article","og_title":"Ve\u00efns per Rub\u00ed demana la creaci\u00f3 d\u2019una nova deixalleria a les urbanitzacions - Ve\u00efns per Rub\u00ed","og_description":"El grup municipal presentar\u00e0 la moci\u00f3 en el ple per facilitar l\u2019acc\u00e9s d\u2019aquest servei als habitants que viuen lluny de la deixalleria Cova Solera El pr\u00f2xim 26 de setembre se celebrar\u00e0 el ple municipal del mes i Ve\u00efns per Rub\u00ed (VR) ja ha avan\u00e7at que presentar\u00e0 una moci\u00f3 per demanar que es posi en marxa [&hellip;]","og_url":"https:\/\/veinsxrubi.org\/es\/veins-per-rubi-demana-la-creacio-duna-nova-deixalleria-a-les-urbanitzacions\/","og_site_name":"Ve\u00efns per Rub\u00ed","article_published_time":"2019-09-17T08:50:11+00:00","og_image":[{"width":706,"height":452,"url":"https:\/\/veinsxrubi.org\/wp-content\/uploads\/2022\/04\/1200_1568734494image-2.jpg","type":"image\/jpeg"}],"twitter_card":"summary_large_image","twitter_misc":{"Escrito por":"mediatic-mc","Tiempo de lectura":"2 minutos"},"schema":{"@context":"https:\/\/schema.org","@graph":[{"@type":"WebSite","@id":"https:\/\/veinsxrubi.org\/#website","url":"https:\/\/veinsxrubi.org\/","name":"Ve\u00efns per Rub\u00ed","description":"","potentialAction":[{"@type":"SearchAction","target":{"@type":"EntryPoint","urlTemplate":"https:\/\/veinsxrubi.org\/?s={search_term_string}"},"query-input":"required name=search_term_string"}],"inLanguage":"es"},{"@type":"ImageObject","inLanguage":"es","@id":"https:\/\/veinsxrubi.org\/es\/veins-per-rubi-demana-la-creacio-duna-nova-deixalleria-a-les-urbanitzacions\/#primaryimage","url":"https:\/\/veinsxrubi.org\/wp-content\/uploads\/2022\/04\/1200_1568734494image-2.jpg","contentUrl":"https:\/\/veinsxrubi.org\/wp-content\/uploads\/2022\/04\/1200_1568734494image-2.jpg","width":706,"height":452},{"@type":"WebPage","@id":"https:\/\/veinsxrubi.org\/es\/veins-per-rubi-demana-la-creacio-duna-nova-deixalleria-a-les-urbanitzacions\/#webpage","url":"https:\/\/veinsxrubi.org\/es\/veins-per-rubi-demana-la-creacio-duna-nova-deixalleria-a-les-urbanitzacions\/","name":"Ve\u00efns per Rub\u00ed demana la creaci\u00f3 d\u2019una nova deixalleria a les urbanitzacions - Ve\u00efns per Rub\u00ed","isPartOf":{"@id":"https:\/\/veinsxrubi.org\/#website"},"primaryImageOfPage":{"@id":"https:\/\/veinsxrubi.org\/es\/veins-per-rubi-demana-la-creacio-duna-nova-deixalleria-a-les-urbanitzacions\/#primaryimage"},"datePublished":"2019-09-17T08:50:11+00:00","dateModified":"2019-09-17T08:50:11+00:00","author":{"@id":"https:\/\/veinsxrubi.org\/#\/schema\/person\/edc38d8c6e8244476e119cd9a2520548"},"breadcrumb":{"@id":"https:\/\/veinsxrubi.org\/es\/veins-per-rubi-demana-la-creacio-duna-nova-deixalleria-a-les-urbanitzacions\/#breadcrumb"},"inLanguage":"es","potentialAction":[{"@type":"ReadAction","target":["https:\/\/veinsxrubi.org\/es\/veins-per-rubi-demana-la-creacio-duna-nova-deixalleria-a-les-urbanitzacions\/"]}]},{"@type":"BreadcrumbList","@id":"https:\/\/veinsxrubi.org\/es\/veins-per-rubi-demana-la-creacio-duna-nova-deixalleria-a-les-urbanitzacions\/#breadcrumb","itemListElement":[{"@type":"ListItem","position":1,"name":"Inici","item":"https:\/\/veinsxrubi.org\/es\/"},{"@type":"ListItem","position":2,"name":"Ve\u00efns per Rub\u00ed demana la creaci\u00f3 d\u2019una nova deixalleria a les urbanitzacions"}]},{"@type":"Person","@id":"https:\/\/veinsxrubi.org\/#\/schema\/person\/edc38d8c6e8244476e119cd9a2520548","name":"mediatic-mc","image":{"@type":"ImageObject","inLanguage":"es","@id":"https:\/\/veinsxrubi.org\/#\/schema\/person\/image\/","url":"https:\/\/secure.gravatar.com\/avatar\/a1f421040c7275c3ff5f095a1201caa49ec29eb6567df6e7f04f9edd916fab55?s=96&d=mm&r=g","contentUrl":"https:\/\/secure.gravatar.com\/avatar\/a1f421040c7275c3ff5f095a1201caa49ec29eb6567df6e7f04f9edd916fab55?s=96&d=mm&r=g","caption":"mediatic-mc"},"sameAs":["http:\/\/veinsxrubi.org\/"],"url":"https:\/\/veinsxrubi.org\/es\/author\/mediatic-mc\/"}]}},"_links":{"self":[{"href":"https:\/\/veinsxrubi.org\/es\/wp-json\/wp\/v2\/posts\/980","targetHints":{"allow":["GET"]}}],"collection":[{"href":"https:\/\/veinsxrubi.org\/es\/wp-json\/wp\/v2\/posts"}],"about":[{"href":"https:\/\/veinsxrubi.org\/es\/wp-json\/wp\/v2\/types\/post"}],"author":[{"embeddable":true,"href":"https:\/\/veinsxrubi.org\/es\/wp-json\/wp\/v2\/users\/1"}],"replies":[{"embeddable":true,"href":"https:\/\/veinsxrubi.org\/es\/wp-json\/wp\/v2\/comments?post=980"}],"version-history":[{"count":0,"href":"https:\/\/veinsxrubi.org\/es\/wp-json\/wp\/v2\/posts\/980\/revisions"}],"wp:featuredmedia":[{"embeddable":true,"href":"https:\/\/veinsxrubi.org\/es\/wp-json\/wp\/v2\/media\/820"}],"wp:attachment":[{"href":"https:\/\/veinsxrubi.org\/es\/wp-json\/wp\/v2\/media?parent=980"}],"wp:term":[{"taxonomy":"category","embeddable":true,"href":"https:\/\/veinsxrubi.org\/es\/wp-json\/wp\/v2\/categories?post=980"},{"taxonomy":"post_tag","embeddable":true,"href":"https:\/\/veinsxrubi.org\/es\/wp-json\/wp\/v2\/tags?post=980"}],"curies":[{"name":"wp","href":"https:\/\/api.w.org\/{rel}","templated":true}]}}