{"id":977,"date":"2020-02-20T11:13:47","date_gmt":"2020-02-20T11:13:47","guid":{"rendered":"http:\/\/veinsxrubi.org\/veins-per-rubi-reclama-un-millor-manteniment-dels-parcs-infantils-de-la-ciutat\/"},"modified":"2020-02-20T11:13:47","modified_gmt":"2020-02-20T11:13:47","slug":"veins-per-rubi-reclama-un-millor-manteniment-dels-parcs-infantils-de-la-ciutat","status":"publish","type":"post","link":"https:\/\/veinsxrubi.org\/es\/veins-per-rubi-reclama-un-millor-manteniment-dels-parcs-infantils-de-la-ciutat\/","title":{"rendered":"Ve\u00efns per Rub\u00ed reclama un millor manteniment dels parcs infantils de la ciutat"},"content":{"rendered":"<p>[et_pb_section fb_built=\u00bb1&#8243; theme_builder_area=\u00bbpost_content\u00bb _builder_version=\u00bb4.17.0&#8243; _module_preset=\u00bbdefault\u00bb][et_pb_row _builder_version=\u00bb4.17.0&#8243; _module_preset=\u00bbdefault\u00bb theme_builder_area=\u00bbpost_content\u00bb][et_pb_column _builder_version=\u00bb4.17.0&#8243; _module_preset=\u00bbdefault\u00bb type=\u00bb4_4&#8243; theme_builder_area=\u00bbpost_content\u00bb][et_pb_text _builder_version=\u00bb4.17.0&#8243; _module_preset=\u00bbdefault\u00bb theme_builder_area=\u00bbpost_content\u00bb text_font=\u00bbHenjuBold||||||||\u00bb hover_enabled=\u00bb0&#8243; sticky_enabled=\u00bb0&#8243; text_font_size=\u00bb14pt\u00bb text_line_height=\u00bb21pt\u00bb]<\/p>\n<p>El grup municipal proposar\u00e0 establir un Pla de manteniment dels equipaments infantils en el ple de febrer<\/p>\n<p>[\/et_pb_text][et_pb_text _builder_version=\u00bb4.17.0&#8243; _module_preset=\u00bbdefault\u00bb theme_builder_area=\u00bbpost_content\u00bb text_font=\u00bbHenjuLight||||||||\u00bb text_font_size=\u00bb14pt\u00bb text_line_height=\u00bb21pt\u00bb text_text_color=\u00bb#3a3a3a\u00bb hover_enabled=\u00bb0&#8243; sticky_enabled=\u00bb0&#8243; link_text_color=\u00bb#3a3a3a\u00bb link_font=\u00bb||||on||||\u00bb]<\/p>\n<p>El grup municipal de Ve\u00efns per Rub\u00ed (VR) presentar\u00e0 al ple del dijous vinent una moci\u00f3 per la millora i el manteniment dels parcs infantils de la ciutat. Segons el Pla d\u2019Inf\u00e0ncia i Adolesc\u00e8ncia, Rub\u00ed disposa de 81 equipaments amb jocs infantils en parcs, places i espais verds, per\u00f2 segons la formaci\u00f3, \u201cla gran majoria pateixen alguna defici\u00e8ncia de manteniment\u201d.<\/p>\n<p>Per VR els espais de joc infantil han de garantir la seguretat dels infants, la inclusi\u00f3, tenint en compte totes les capacitats diverses, la sociabilitat i uns m\u00ednims est\u00e0ndards de qualitat, per\u00f2 en canvi hi ha espais que \u201cestan en un estat de degradaci\u00f3 injustificable\u201d, asseguren: gronxadors trencats, paviments malmesos, fonaments de ciment al descobert, bases de tobogans podrides, entre d\u2019altres.<\/p>\n<p>En aquest sentit, el portaveu de la formaci\u00f3, Toni Garc\u00eda, ha recordat que Rub\u00ed va ser reconegut amb el segell de Ciutat Amiga de la Inf\u00e0ncia i considera que \u00e9s \u201ctotalment contradictori tenir aquest reconeixement quan molts dels parcs infantils s\u00f3n un risc per la integritat f\u00edsica dels infants\u201d.<br \/>Davant de tot aix\u00f2, VR proposa establir un Pla de manteniment de tots els parcs infantils que inclogui inspeccions preventives i funcionals, manteniment setmanals i desinfeccions. La moci\u00f3 tamb\u00e9 inclou la senyalitzaci\u00f3 de les franges d\u2019edat per les quals estan destinats els diferents jocs i del grau d\u2019inclusi\u00f3 de cada equipament, aix\u00ed com dissenyar els nous parcs infantils de manera que siguin totalment inclusius.<\/p>\n<p>\u201c\u00c9s una moci\u00f3 de sentit com\u00fa, per\u00f2 ens veiem obligats a presentar-la perqu\u00e8 el manteniment dels espais p\u00fablics de la ciutat estan en un estat pen\u00f3s i, una vegada m\u00e9s, es demostra que la gesti\u00f3 de l\u2019Ajuntament no \u00e9s ni mitjanament raonable\u201d, ha dit Garc\u00eda.<\/p>\n<p><a href=\"https:\/\/www.rubitv.cat\/noticia\/5275\/vr\/reclama\/millor\/manteniment\/dels\/parcs\/infantils\/ciutat?utm_term=Autofeed&amp;utm_medium=Social&amp;utm_source=Facebook&amp;territori=Rubi&amp;fbclid=IwAR2OP5oISg8RBFXF18h_bnJbo-vKTXpMKwC1j3E0w9jQJuhfbBJxi0oyvOI#Echobox=1582196773\" target=\"_blank\" rel=\"noopener\">Rub\u00ed TV<\/a><\/p>\n<p>[\/et_pb_text][\/et_pb_column][\/et_pb_row][\/et_pb_section]<\/p>\n","protected":false},"excerpt":{"rendered":"<p>El grup municipal proposar\u00e0 establir un Pla de manteniment dels equipaments infantils en el ple de febrerEl grup municipal de Ve\u00efns per Rub\u00ed (VR) presentar\u00e0 al ple del dijous vinent una moci\u00f3 per la millora i el manteniment dels parcs infantils de la ciutat. Segons el Pla d\u2019Inf\u00e0ncia i Adolesc\u00e8ncia, Rub\u00ed disposa de 81 equipaments [&hellip;]<\/p>\n","protected":false},"author":1,"featured_media":750,"comment_status":"open","ping_status":"open","sticky":false,"template":"","format":"standard","meta":{"_et_pb_use_builder":"on","_et_pb_old_content":"<!-- wp:divi\/placeholder \/-->","_et_gb_content_width":"","inline_featured_image":false,"footnotes":""},"categories":[17],"tags":[],"class_list":["post-977","post","type-post","status-publish","format-standard","has-post-thumbnail","hentry","category-noticies-es"],"yoast_head":"<!-- This site is optimized with the Yoast SEO plugin v18.7 - https:\/\/yoast.com\/wordpress\/plugins\/seo\/ -->\n<title>Ve\u00efns per Rub\u00ed reclama un millor manteniment dels parcs infantils de la ciutat - Ve\u00efns per Rub\u00ed<\/title>\n<meta name=\"robots\" content=\"index, follow, max-snippet:-1, max-image-preview:large, max-video-preview:-1\" \/>\n<link rel=\"canonical\" href=\"https:\/\/veinsxrubi.org\/es\/veins-per-rubi-reclama-un-millor-manteniment-dels-parcs-infantils-de-la-ciutat\/\" \/>\n<meta property=\"og:locale\" content=\"es_ES\" \/>\n<meta property=\"og:type\" content=\"article\" \/>\n<meta property=\"og:title\" content=\"Ve\u00efns per Rub\u00ed reclama un millor manteniment dels parcs infantils de la ciutat - Ve\u00efns per Rub\u00ed\" \/>\n<meta property=\"og:description\" content=\"El grup municipal proposar\u00e0 establir un Pla de manteniment dels equipaments infantils en el ple de febrerEl grup municipal de Ve\u00efns per Rub\u00ed (VR) presentar\u00e0 al ple del dijous vinent una moci\u00f3 per la millora i el manteniment dels parcs infantils de la ciutat. Segons el Pla d\u2019Inf\u00e0ncia i Adolesc\u00e8ncia, Rub\u00ed disposa de 81 equipaments [&hellip;]\" \/>\n<meta property=\"og:url\" content=\"https:\/\/veinsxrubi.org\/es\/veins-per-rubi-reclama-un-millor-manteniment-dels-parcs-infantils-de-la-ciutat\/\" \/>\n<meta property=\"og:site_name\" content=\"Ve\u00efns per Rub\u00ed\" \/>\n<meta property=\"article:published_time\" content=\"2020-02-20T11:13:47+00:00\" \/>\n<meta property=\"og:image\" content=\"https:\/\/veinsxrubi.org\/wp-content\/uploads\/2022\/04\/Rectangle-61.jpg\" \/>\n\t<meta property=\"og:image:width\" content=\"706\" \/>\n\t<meta property=\"og:image:height\" content=\"452\" \/>\n\t<meta property=\"og:image:type\" content=\"image\/jpeg\" \/>\n<meta name=\"twitter:card\" content=\"summary_large_image\" \/>\n<meta name=\"twitter:label1\" content=\"Escrito por\" \/>\n\t<meta name=\"twitter:data1\" content=\"mediatic-mc\" \/>\n\t<meta name=\"twitter:label2\" content=\"Tiempo de lectura\" \/>\n\t<meta name=\"twitter:data2\" content=\"2 minutos\" \/>\n<script type=\"application\/ld+json\" class=\"yoast-schema-graph\">{\"@context\":\"https:\/\/schema.org\",\"@graph\":[{\"@type\":\"WebSite\",\"@id\":\"https:\/\/veinsxrubi.org\/#website\",\"url\":\"https:\/\/veinsxrubi.org\/\",\"name\":\"Ve\u00efns per Rub\u00ed\",\"description\":\"\",\"potentialAction\":[{\"@type\":\"SearchAction\",\"target\":{\"@type\":\"EntryPoint\",\"urlTemplate\":\"https:\/\/veinsxrubi.org\/?s={search_term_string}\"},\"query-input\":\"required name=search_term_string\"}],\"inLanguage\":\"es\"},{\"@type\":\"ImageObject\",\"inLanguage\":\"es\",\"@id\":\"https:\/\/veinsxrubi.org\/es\/veins-per-rubi-reclama-un-millor-manteniment-dels-parcs-infantils-de-la-ciutat\/#primaryimage\",\"url\":\"https:\/\/veinsxrubi.org\/wp-content\/uploads\/2022\/04\/Rectangle-61.jpg\",\"contentUrl\":\"https:\/\/veinsxrubi.org\/wp-content\/uploads\/2022\/04\/Rectangle-61.jpg\",\"width\":706,\"height\":452},{\"@type\":\"WebPage\",\"@id\":\"https:\/\/veinsxrubi.org\/es\/veins-per-rubi-reclama-un-millor-manteniment-dels-parcs-infantils-de-la-ciutat\/#webpage\",\"url\":\"https:\/\/veinsxrubi.org\/es\/veins-per-rubi-reclama-un-millor-manteniment-dels-parcs-infantils-de-la-ciutat\/\",\"name\":\"Ve\u00efns per Rub\u00ed reclama un millor manteniment dels parcs infantils de la ciutat - Ve\u00efns per Rub\u00ed\",\"isPartOf\":{\"@id\":\"https:\/\/veinsxrubi.org\/#website\"},\"primaryImageOfPage\":{\"@id\":\"https:\/\/veinsxrubi.org\/es\/veins-per-rubi-reclama-un-millor-manteniment-dels-parcs-infantils-de-la-ciutat\/#primaryimage\"},\"datePublished\":\"2020-02-20T11:13:47+00:00\",\"dateModified\":\"2020-02-20T11:13:47+00:00\",\"author\":{\"@id\":\"https:\/\/veinsxrubi.org\/#\/schema\/person\/edc38d8c6e8244476e119cd9a2520548\"},\"breadcrumb\":{\"@id\":\"https:\/\/veinsxrubi.org\/es\/veins-per-rubi-reclama-un-millor-manteniment-dels-parcs-infantils-de-la-ciutat\/#breadcrumb\"},\"inLanguage\":\"es\",\"potentialAction\":[{\"@type\":\"ReadAction\",\"target\":[\"https:\/\/veinsxrubi.org\/es\/veins-per-rubi-reclama-un-millor-manteniment-dels-parcs-infantils-de-la-ciutat\/\"]}]},{\"@type\":\"BreadcrumbList\",\"@id\":\"https:\/\/veinsxrubi.org\/es\/veins-per-rubi-reclama-un-millor-manteniment-dels-parcs-infantils-de-la-ciutat\/#breadcrumb\",\"itemListElement\":[{\"@type\":\"ListItem\",\"position\":1,\"name\":\"Inici\",\"item\":\"https:\/\/veinsxrubi.org\/es\/\"},{\"@type\":\"ListItem\",\"position\":2,\"name\":\"Ve\u00efns per Rub\u00ed reclama un millor manteniment dels parcs infantils de la ciutat\"}]},{\"@type\":\"Person\",\"@id\":\"https:\/\/veinsxrubi.org\/#\/schema\/person\/edc38d8c6e8244476e119cd9a2520548\",\"name\":\"mediatic-mc\",\"image\":{\"@type\":\"ImageObject\",\"inLanguage\":\"es\",\"@id\":\"https:\/\/veinsxrubi.org\/#\/schema\/person\/image\/\",\"url\":\"https:\/\/secure.gravatar.com\/avatar\/a1f421040c7275c3ff5f095a1201caa49ec29eb6567df6e7f04f9edd916fab55?s=96&d=mm&r=g\",\"contentUrl\":\"https:\/\/secure.gravatar.com\/avatar\/a1f421040c7275c3ff5f095a1201caa49ec29eb6567df6e7f04f9edd916fab55?s=96&d=mm&r=g\",\"caption\":\"mediatic-mc\"},\"sameAs\":[\"http:\/\/veinsxrubi.org\/\"],\"url\":\"https:\/\/veinsxrubi.org\/es\/author\/mediatic-mc\/\"}]}<\/script>\n<!-- \/ Yoast SEO plugin. -->","yoast_head_json":{"title":"Ve\u00efns per Rub\u00ed reclama un millor manteniment dels parcs infantils de la ciutat - Ve\u00efns per Rub\u00ed","robots":{"index":"index","follow":"follow","max-snippet":"max-snippet:-1","max-image-preview":"max-image-preview:large","max-video-preview":"max-video-preview:-1"},"canonical":"https:\/\/veinsxrubi.org\/es\/veins-per-rubi-reclama-un-millor-manteniment-dels-parcs-infantils-de-la-ciutat\/","og_locale":"es_ES","og_type":"article","og_title":"Ve\u00efns per Rub\u00ed reclama un millor manteniment dels parcs infantils de la ciutat - Ve\u00efns per Rub\u00ed","og_description":"El grup municipal proposar\u00e0 establir un Pla de manteniment dels equipaments infantils en el ple de febrerEl grup municipal de Ve\u00efns per Rub\u00ed (VR) presentar\u00e0 al ple del dijous vinent una moci\u00f3 per la millora i el manteniment dels parcs infantils de la ciutat. Segons el Pla d\u2019Inf\u00e0ncia i Adolesc\u00e8ncia, Rub\u00ed disposa de 81 equipaments [&hellip;]","og_url":"https:\/\/veinsxrubi.org\/es\/veins-per-rubi-reclama-un-millor-manteniment-dels-parcs-infantils-de-la-ciutat\/","og_site_name":"Ve\u00efns per Rub\u00ed","article_published_time":"2020-02-20T11:13:47+00:00","og_image":[{"width":706,"height":452,"url":"https:\/\/veinsxrubi.org\/wp-content\/uploads\/2022\/04\/Rectangle-61.jpg","type":"image\/jpeg"}],"twitter_card":"summary_large_image","twitter_misc":{"Escrito por":"mediatic-mc","Tiempo de lectura":"2 minutos"},"schema":{"@context":"https:\/\/schema.org","@graph":[{"@type":"WebSite","@id":"https:\/\/veinsxrubi.org\/#website","url":"https:\/\/veinsxrubi.org\/","name":"Ve\u00efns per Rub\u00ed","description":"","potentialAction":[{"@type":"SearchAction","target":{"@type":"EntryPoint","urlTemplate":"https:\/\/veinsxrubi.org\/?s={search_term_string}"},"query-input":"required name=search_term_string"}],"inLanguage":"es"},{"@type":"ImageObject","inLanguage":"es","@id":"https:\/\/veinsxrubi.org\/es\/veins-per-rubi-reclama-un-millor-manteniment-dels-parcs-infantils-de-la-ciutat\/#primaryimage","url":"https:\/\/veinsxrubi.org\/wp-content\/uploads\/2022\/04\/Rectangle-61.jpg","contentUrl":"https:\/\/veinsxrubi.org\/wp-content\/uploads\/2022\/04\/Rectangle-61.jpg","width":706,"height":452},{"@type":"WebPage","@id":"https:\/\/veinsxrubi.org\/es\/veins-per-rubi-reclama-un-millor-manteniment-dels-parcs-infantils-de-la-ciutat\/#webpage","url":"https:\/\/veinsxrubi.org\/es\/veins-per-rubi-reclama-un-millor-manteniment-dels-parcs-infantils-de-la-ciutat\/","name":"Ve\u00efns per Rub\u00ed reclama un millor manteniment dels parcs infantils de la ciutat - Ve\u00efns per Rub\u00ed","isPartOf":{"@id":"https:\/\/veinsxrubi.org\/#website"},"primaryImageOfPage":{"@id":"https:\/\/veinsxrubi.org\/es\/veins-per-rubi-reclama-un-millor-manteniment-dels-parcs-infantils-de-la-ciutat\/#primaryimage"},"datePublished":"2020-02-20T11:13:47+00:00","dateModified":"2020-02-20T11:13:47+00:00","author":{"@id":"https:\/\/veinsxrubi.org\/#\/schema\/person\/edc38d8c6e8244476e119cd9a2520548"},"breadcrumb":{"@id":"https:\/\/veinsxrubi.org\/es\/veins-per-rubi-reclama-un-millor-manteniment-dels-parcs-infantils-de-la-ciutat\/#breadcrumb"},"inLanguage":"es","potentialAction":[{"@type":"ReadAction","target":["https:\/\/veinsxrubi.org\/es\/veins-per-rubi-reclama-un-millor-manteniment-dels-parcs-infantils-de-la-ciutat\/"]}]},{"@type":"BreadcrumbList","@id":"https:\/\/veinsxrubi.org\/es\/veins-per-rubi-reclama-un-millor-manteniment-dels-parcs-infantils-de-la-ciutat\/#breadcrumb","itemListElement":[{"@type":"ListItem","position":1,"name":"Inici","item":"https:\/\/veinsxrubi.org\/es\/"},{"@type":"ListItem","position":2,"name":"Ve\u00efns per Rub\u00ed reclama un millor manteniment dels parcs infantils de la ciutat"}]},{"@type":"Person","@id":"https:\/\/veinsxrubi.org\/#\/schema\/person\/edc38d8c6e8244476e119cd9a2520548","name":"mediatic-mc","image":{"@type":"ImageObject","inLanguage":"es","@id":"https:\/\/veinsxrubi.org\/#\/schema\/person\/image\/","url":"https:\/\/secure.gravatar.com\/avatar\/a1f421040c7275c3ff5f095a1201caa49ec29eb6567df6e7f04f9edd916fab55?s=96&d=mm&r=g","contentUrl":"https:\/\/secure.gravatar.com\/avatar\/a1f421040c7275c3ff5f095a1201caa49ec29eb6567df6e7f04f9edd916fab55?s=96&d=mm&r=g","caption":"mediatic-mc"},"sameAs":["http:\/\/veinsxrubi.org\/"],"url":"https:\/\/veinsxrubi.org\/es\/author\/mediatic-mc\/"}]}},"_links":{"self":[{"href":"https:\/\/veinsxrubi.org\/es\/wp-json\/wp\/v2\/posts\/977","targetHints":{"allow":["GET"]}}],"collection":[{"href":"https:\/\/veinsxrubi.org\/es\/wp-json\/wp\/v2\/posts"}],"about":[{"href":"https:\/\/veinsxrubi.org\/es\/wp-json\/wp\/v2\/types\/post"}],"author":[{"embeddable":true,"href":"https:\/\/veinsxrubi.org\/es\/wp-json\/wp\/v2\/users\/1"}],"replies":[{"embeddable":true,"href":"https:\/\/veinsxrubi.org\/es\/wp-json\/wp\/v2\/comments?post=977"}],"version-history":[{"count":0,"href":"https:\/\/veinsxrubi.org\/es\/wp-json\/wp\/v2\/posts\/977\/revisions"}],"wp:featuredmedia":[{"embeddable":true,"href":"https:\/\/veinsxrubi.org\/es\/wp-json\/wp\/v2\/media\/750"}],"wp:attachment":[{"href":"https:\/\/veinsxrubi.org\/es\/wp-json\/wp\/v2\/media?parent=977"}],"wp:term":[{"taxonomy":"category","embeddable":true,"href":"https:\/\/veinsxrubi.org\/es\/wp-json\/wp\/v2\/categories?post=977"},{"taxonomy":"post_tag","embeddable":true,"href":"https:\/\/veinsxrubi.org\/es\/wp-json\/wp\/v2\/tags?post=977"}],"curies":[{"name":"wp","href":"https:\/\/api.w.org\/{rel}","templated":true}]}}