{"id":1002,"date":"2018-04-11T10:23:49","date_gmt":"2018-04-11T10:23:49","guid":{"rendered":"http:\/\/veinsxrubi.org\/antoni-garcia-tornara-a-ser-el-candidat-de-veins-per-rubi-el-2019\/"},"modified":"2018-04-11T10:23:49","modified_gmt":"2018-04-11T10:23:49","slug":"antoni-garcia-tornara-a-ser-el-candidat-de-veins-per-rubi-el-2019","status":"publish","type":"post","link":"https:\/\/veinsxrubi.org\/es\/antoni-garcia-tornara-a-ser-el-candidat-de-veins-per-rubi-el-2019\/","title":{"rendered":"Antoni Garc\u00eda tornar\u00e0 a ser el candidat de Ve\u00efns per Rub\u00ed el 2019"},"content":{"rendered":"<p>[et_pb_section fb_built=\u00bb1&#8243; theme_builder_area=\u00bbpost_content\u00bb _builder_version=\u00bb4.17.0&#8243; _module_preset=\u00bbdefault\u00bb][et_pb_row _builder_version=\u00bb4.17.0&#8243; _module_preset=\u00bbdefault\u00bb theme_builder_area=\u00bbpost_content\u00bb][et_pb_column _builder_version=\u00bb4.17.0&#8243; _module_preset=\u00bbdefault\u00bb type=\u00bb4_4&#8243; theme_builder_area=\u00bbpost_content\u00bb][et_pb_text _builder_version=\u00bb4.17.0&#8243; _module_preset=\u00bbdefault\u00bb theme_builder_area=\u00bbpost_content\u00bb text_font=\u00bbHenjuLight|300|||||||\u00bb text_font_size=\u00bb14pt\u00bb text_line_height=\u00bb21pt\u00bb text_text_color=\u00bb#3a3a3a\u00bb link_text_color=\u00bb#3a3a3a\u00bb link_font=\u00bb||||on||||\u00bb hover_enabled=\u00bb0&#8243; sticky_enabled=\u00bb0&#8243;]<\/p>\n<p>A les eleccions municipals del 2015, una jove formaci\u00f3 pol\u00edtica amb nom\u00e9s tres mesos de vida va sorprendre aconseguint un regidor al Ple de l\u2019Ajuntament de Rub\u00ed. Tres anys m\u00e9s tard, Ve\u00efns per Rub\u00ed (VR) ha optat per repetir el candidat d\u2019aquelles eleccions, l\u2019actual portaveu, Antoni Garc\u00eda. \u201cEl 2015 era una aventura, sab\u00edem que era molt complicat aconseguir representaci\u00f3, ara entenem que cal consolidar el projecte, em veig amb forces i ganes per tirar endavant i entenem que el 2019 pot ser una oportunitat hist\u00f2rica per canviar pol\u00edticament Rub\u00ed\u201d.<\/p>\n<p>Garc\u00eda ha estat l\u2019\u00fanic candidat que s\u2019ha presentat a les prim\u00e0ries de la formaci\u00f3, que ara mateix integren una vintena d\u2019afiliats al partit. L\u2019alcaldable comen\u00e7ar\u00e0 ara a treballar en el programa electoral amb el suport del seu equip, que \u201cest\u00e0 preparat per assumir qualsevol responsabilitat i per liderar un canvi de govern a la ciutat\u201d.<\/p>\n<p>Un dels membres de VR, Gustavo Mart\u00edn, ha explicat que Ve\u00efns per Rub\u00ed treballa per elaborar un Pla d\u2019Acci\u00f3 de Mandat amb projectes estrat\u00e8gics per aconseguir una administraci\u00f3 m\u00e9s efica\u00e7. Entre els temes que preocupen el partit, hi ha el POUM, la precarietat de la plantilla municipal i el manteniment de la ciutat. \u201cNosaltres no tenim una marca a Barcelona ni a Madrid i som els que m\u00e9s soroll hem fet durant aquest mandat\u201d.<\/p>\n<p>Pel que fa a la feina feta fins ara, Antoni Garc\u00eda explica que la seva pres\u00e8ncia en el Ple ha suposat poder fer \u201cden\u00fancies i obrir els ulls als ve\u00efns respecte a la situaci\u00f3 que es viu dins de l\u2019Ajuntament, Ve\u00efns per Rub\u00ed no s\u2019ha d\u2019amagar de res, perqu\u00e8 no ha estat al govern\u201d.<\/p>\n<p>El Casino no \u00e9s prioritari.<br \/>D\u2019altra banda, la formaci\u00f3 ha volgut mostrar el seu posicionament despr\u00e9s que el govern hagi presentat el projecte de rehabilitaci\u00f3 del Casino. \u201cCreiem que la ciutat t\u00e9 prioritats m\u00e9s necess\u00e0ries que pagar reformes, que al final s\u00f3n grans obres per posar-se medalles\u201d.<\/p>\n<p>Font: Diari de Rub\u00ed<\/p>\n<p><a href=\"http:\/\/www.diariderubi.com\/noticia.php?i=31461&amp;k=antoni-garcia-tornara-a-ser-el--candidat-de-ve%EFns-per-rubi-el-2019\" target=\"_blank\" rel=\"noopener\">ENLLA\u00c7 A NOT\u00cdCIA AL DIARI DE RUB\u00cd<\/a><\/p>\n<p>[\/et_pb_text][\/et_pb_column][\/et_pb_row][\/et_pb_section]<\/p>\n","protected":false},"excerpt":{"rendered":"<p>A les eleccions municipals del 2015, una jove formaci\u00f3 pol\u00edtica amb nom\u00e9s tres mesos de vida va sorprendre aconseguint un regidor al Ple de l\u2019Ajuntament de Rub\u00ed. Tres anys m\u00e9s tard, Ve\u00efns per Rub\u00ed (VR) ha optat per repetir el candidat d\u2019aquelles eleccions, l\u2019actual portaveu, Antoni Garc\u00eda. \u201cEl 2015 era una aventura, sab\u00edem que era [&hellip;]<\/p>\n","protected":false},"author":1,"featured_media":836,"comment_status":"open","ping_status":"open","sticky":false,"template":"","format":"standard","meta":{"_et_pb_use_builder":"on","_et_pb_old_content":"","_et_gb_content_width":"","inline_featured_image":false,"footnotes":""},"categories":[17],"tags":[],"class_list":["post-1002","post","type-post","status-publish","format-standard","has-post-thumbnail","hentry","category-noticies-es"],"yoast_head":"<!-- This site is optimized with the Yoast SEO plugin v18.7 - https:\/\/yoast.com\/wordpress\/plugins\/seo\/ -->\n<title>Antoni Garc\u00eda tornar\u00e0 a ser el candidat de Ve\u00efns per Rub\u00ed el 2019 - Ve\u00efns per Rub\u00ed<\/title>\n<meta name=\"robots\" content=\"index, follow, max-snippet:-1, max-image-preview:large, max-video-preview:-1\" \/>\n<link rel=\"canonical\" href=\"https:\/\/veinsxrubi.org\/es\/antoni-garcia-tornara-a-ser-el-candidat-de-veins-per-rubi-el-2019\/\" \/>\n<meta property=\"og:locale\" content=\"es_ES\" \/>\n<meta property=\"og:type\" content=\"article\" \/>\n<meta property=\"og:title\" content=\"Antoni Garc\u00eda tornar\u00e0 a ser el candidat de Ve\u00efns per Rub\u00ed el 2019 - Ve\u00efns per Rub\u00ed\" \/>\n<meta property=\"og:description\" content=\"A les eleccions municipals del 2015, una jove formaci\u00f3 pol\u00edtica amb nom\u00e9s tres mesos de vida va sorprendre aconseguint un regidor al Ple de l\u2019Ajuntament de Rub\u00ed. Tres anys m\u00e9s tard, Ve\u00efns per Rub\u00ed (VR) ha optat per repetir el candidat d\u2019aquelles eleccions, l\u2019actual portaveu, Antoni Garc\u00eda. \u201cEl 2015 era una aventura, sab\u00edem que era [&hellip;]\" \/>\n<meta property=\"og:url\" content=\"https:\/\/veinsxrubi.org\/es\/antoni-garcia-tornara-a-ser-el-candidat-de-veins-per-rubi-el-2019\/\" \/>\n<meta property=\"og:site_name\" content=\"Ve\u00efns per Rub\u00ed\" \/>\n<meta property=\"article:published_time\" content=\"2018-04-11T10:23:49+00:00\" \/>\n<meta property=\"og:image\" content=\"https:\/\/veinsxrubi.org\/wp-content\/uploads\/2022\/04\/31461.jpg\" \/>\n\t<meta property=\"og:image:width\" content=\"706\" \/>\n\t<meta property=\"og:image:height\" content=\"452\" \/>\n\t<meta property=\"og:image:type\" content=\"image\/jpeg\" \/>\n<meta name=\"twitter:card\" content=\"summary_large_image\" \/>\n<meta name=\"twitter:label1\" content=\"Escrito por\" \/>\n\t<meta name=\"twitter:data1\" content=\"mediatic-mc\" \/>\n\t<meta name=\"twitter:label2\" content=\"Tiempo de lectura\" \/>\n\t<meta name=\"twitter:data2\" content=\"2 minutos\" \/>\n<script type=\"application\/ld+json\" class=\"yoast-schema-graph\">{\"@context\":\"https:\/\/schema.org\",\"@graph\":[{\"@type\":\"WebSite\",\"@id\":\"https:\/\/veinsxrubi.org\/#website\",\"url\":\"https:\/\/veinsxrubi.org\/\",\"name\":\"Ve\u00efns per Rub\u00ed\",\"description\":\"\",\"potentialAction\":[{\"@type\":\"SearchAction\",\"target\":{\"@type\":\"EntryPoint\",\"urlTemplate\":\"https:\/\/veinsxrubi.org\/?s={search_term_string}\"},\"query-input\":\"required name=search_term_string\"}],\"inLanguage\":\"es\"},{\"@type\":\"ImageObject\",\"inLanguage\":\"es\",\"@id\":\"https:\/\/veinsxrubi.org\/es\/antoni-garcia-tornara-a-ser-el-candidat-de-veins-per-rubi-el-2019\/#primaryimage\",\"url\":\"https:\/\/veinsxrubi.org\/wp-content\/uploads\/2022\/04\/31461.jpg\",\"contentUrl\":\"https:\/\/veinsxrubi.org\/wp-content\/uploads\/2022\/04\/31461.jpg\",\"width\":706,\"height\":452},{\"@type\":\"WebPage\",\"@id\":\"https:\/\/veinsxrubi.org\/es\/antoni-garcia-tornara-a-ser-el-candidat-de-veins-per-rubi-el-2019\/#webpage\",\"url\":\"https:\/\/veinsxrubi.org\/es\/antoni-garcia-tornara-a-ser-el-candidat-de-veins-per-rubi-el-2019\/\",\"name\":\"Antoni Garc\u00eda tornar\u00e0 a ser el candidat de Ve\u00efns per Rub\u00ed el 2019 - Ve\u00efns per Rub\u00ed\",\"isPartOf\":{\"@id\":\"https:\/\/veinsxrubi.org\/#website\"},\"primaryImageOfPage\":{\"@id\":\"https:\/\/veinsxrubi.org\/es\/antoni-garcia-tornara-a-ser-el-candidat-de-veins-per-rubi-el-2019\/#primaryimage\"},\"datePublished\":\"2018-04-11T10:23:49+00:00\",\"dateModified\":\"2018-04-11T10:23:49+00:00\",\"author\":{\"@id\":\"https:\/\/veinsxrubi.org\/#\/schema\/person\/edc38d8c6e8244476e119cd9a2520548\"},\"breadcrumb\":{\"@id\":\"https:\/\/veinsxrubi.org\/es\/antoni-garcia-tornara-a-ser-el-candidat-de-veins-per-rubi-el-2019\/#breadcrumb\"},\"inLanguage\":\"es\",\"potentialAction\":[{\"@type\":\"ReadAction\",\"target\":[\"https:\/\/veinsxrubi.org\/es\/antoni-garcia-tornara-a-ser-el-candidat-de-veins-per-rubi-el-2019\/\"]}]},{\"@type\":\"BreadcrumbList\",\"@id\":\"https:\/\/veinsxrubi.org\/es\/antoni-garcia-tornara-a-ser-el-candidat-de-veins-per-rubi-el-2019\/#breadcrumb\",\"itemListElement\":[{\"@type\":\"ListItem\",\"position\":1,\"name\":\"Inici\",\"item\":\"https:\/\/veinsxrubi.org\/es\/\"},{\"@type\":\"ListItem\",\"position\":2,\"name\":\"Antoni Garc\u00eda tornar\u00e0 a ser el candidat de Ve\u00efns per Rub\u00ed el 2019\"}]},{\"@type\":\"Person\",\"@id\":\"https:\/\/veinsxrubi.org\/#\/schema\/person\/edc38d8c6e8244476e119cd9a2520548\",\"name\":\"mediatic-mc\",\"image\":{\"@type\":\"ImageObject\",\"inLanguage\":\"es\",\"@id\":\"https:\/\/veinsxrubi.org\/#\/schema\/person\/image\/\",\"url\":\"https:\/\/secure.gravatar.com\/avatar\/a1f421040c7275c3ff5f095a1201caa49ec29eb6567df6e7f04f9edd916fab55?s=96&d=mm&r=g\",\"contentUrl\":\"https:\/\/secure.gravatar.com\/avatar\/a1f421040c7275c3ff5f095a1201caa49ec29eb6567df6e7f04f9edd916fab55?s=96&d=mm&r=g\",\"caption\":\"mediatic-mc\"},\"sameAs\":[\"http:\/\/veinsxrubi.org\/\"],\"url\":\"https:\/\/veinsxrubi.org\/es\/author\/mediatic-mc\/\"}]}<\/script>\n<!-- \/ Yoast SEO plugin. -->","yoast_head_json":{"title":"Antoni Garc\u00eda tornar\u00e0 a ser el candidat de Ve\u00efns per Rub\u00ed el 2019 - Ve\u00efns per Rub\u00ed","robots":{"index":"index","follow":"follow","max-snippet":"max-snippet:-1","max-image-preview":"max-image-preview:large","max-video-preview":"max-video-preview:-1"},"canonical":"https:\/\/veinsxrubi.org\/es\/antoni-garcia-tornara-a-ser-el-candidat-de-veins-per-rubi-el-2019\/","og_locale":"es_ES","og_type":"article","og_title":"Antoni Garc\u00eda tornar\u00e0 a ser el candidat de Ve\u00efns per Rub\u00ed el 2019 - Ve\u00efns per Rub\u00ed","og_description":"A les eleccions municipals del 2015, una jove formaci\u00f3 pol\u00edtica amb nom\u00e9s tres mesos de vida va sorprendre aconseguint un regidor al Ple de l\u2019Ajuntament de Rub\u00ed. Tres anys m\u00e9s tard, Ve\u00efns per Rub\u00ed (VR) ha optat per repetir el candidat d\u2019aquelles eleccions, l\u2019actual portaveu, Antoni Garc\u00eda. \u201cEl 2015 era una aventura, sab\u00edem que era [&hellip;]","og_url":"https:\/\/veinsxrubi.org\/es\/antoni-garcia-tornara-a-ser-el-candidat-de-veins-per-rubi-el-2019\/","og_site_name":"Ve\u00efns per Rub\u00ed","article_published_time":"2018-04-11T10:23:49+00:00","og_image":[{"width":706,"height":452,"url":"https:\/\/veinsxrubi.org\/wp-content\/uploads\/2022\/04\/31461.jpg","type":"image\/jpeg"}],"twitter_card":"summary_large_image","twitter_misc":{"Escrito por":"mediatic-mc","Tiempo de lectura":"2 minutos"},"schema":{"@context":"https:\/\/schema.org","@graph":[{"@type":"WebSite","@id":"https:\/\/veinsxrubi.org\/#website","url":"https:\/\/veinsxrubi.org\/","name":"Ve\u00efns per Rub\u00ed","description":"","potentialAction":[{"@type":"SearchAction","target":{"@type":"EntryPoint","urlTemplate":"https:\/\/veinsxrubi.org\/?s={search_term_string}"},"query-input":"required name=search_term_string"}],"inLanguage":"es"},{"@type":"ImageObject","inLanguage":"es","@id":"https:\/\/veinsxrubi.org\/es\/antoni-garcia-tornara-a-ser-el-candidat-de-veins-per-rubi-el-2019\/#primaryimage","url":"https:\/\/veinsxrubi.org\/wp-content\/uploads\/2022\/04\/31461.jpg","contentUrl":"https:\/\/veinsxrubi.org\/wp-content\/uploads\/2022\/04\/31461.jpg","width":706,"height":452},{"@type":"WebPage","@id":"https:\/\/veinsxrubi.org\/es\/antoni-garcia-tornara-a-ser-el-candidat-de-veins-per-rubi-el-2019\/#webpage","url":"https:\/\/veinsxrubi.org\/es\/antoni-garcia-tornara-a-ser-el-candidat-de-veins-per-rubi-el-2019\/","name":"Antoni Garc\u00eda tornar\u00e0 a ser el candidat de Ve\u00efns per Rub\u00ed el 2019 - Ve\u00efns per Rub\u00ed","isPartOf":{"@id":"https:\/\/veinsxrubi.org\/#website"},"primaryImageOfPage":{"@id":"https:\/\/veinsxrubi.org\/es\/antoni-garcia-tornara-a-ser-el-candidat-de-veins-per-rubi-el-2019\/#primaryimage"},"datePublished":"2018-04-11T10:23:49+00:00","dateModified":"2018-04-11T10:23:49+00:00","author":{"@id":"https:\/\/veinsxrubi.org\/#\/schema\/person\/edc38d8c6e8244476e119cd9a2520548"},"breadcrumb":{"@id":"https:\/\/veinsxrubi.org\/es\/antoni-garcia-tornara-a-ser-el-candidat-de-veins-per-rubi-el-2019\/#breadcrumb"},"inLanguage":"es","potentialAction":[{"@type":"ReadAction","target":["https:\/\/veinsxrubi.org\/es\/antoni-garcia-tornara-a-ser-el-candidat-de-veins-per-rubi-el-2019\/"]}]},{"@type":"BreadcrumbList","@id":"https:\/\/veinsxrubi.org\/es\/antoni-garcia-tornara-a-ser-el-candidat-de-veins-per-rubi-el-2019\/#breadcrumb","itemListElement":[{"@type":"ListItem","position":1,"name":"Inici","item":"https:\/\/veinsxrubi.org\/es\/"},{"@type":"ListItem","position":2,"name":"Antoni Garc\u00eda tornar\u00e0 a ser el candidat de Ve\u00efns per Rub\u00ed el 2019"}]},{"@type":"Person","@id":"https:\/\/veinsxrubi.org\/#\/schema\/person\/edc38d8c6e8244476e119cd9a2520548","name":"mediatic-mc","image":{"@type":"ImageObject","inLanguage":"es","@id":"https:\/\/veinsxrubi.org\/#\/schema\/person\/image\/","url":"https:\/\/secure.gravatar.com\/avatar\/a1f421040c7275c3ff5f095a1201caa49ec29eb6567df6e7f04f9edd916fab55?s=96&d=mm&r=g","contentUrl":"https:\/\/secure.gravatar.com\/avatar\/a1f421040c7275c3ff5f095a1201caa49ec29eb6567df6e7f04f9edd916fab55?s=96&d=mm&r=g","caption":"mediatic-mc"},"sameAs":["http:\/\/veinsxrubi.org\/"],"url":"https:\/\/veinsxrubi.org\/es\/author\/mediatic-mc\/"}]}},"_links":{"self":[{"href":"https:\/\/veinsxrubi.org\/es\/wp-json\/wp\/v2\/posts\/1002","targetHints":{"allow":["GET"]}}],"collection":[{"href":"https:\/\/veinsxrubi.org\/es\/wp-json\/wp\/v2\/posts"}],"about":[{"href":"https:\/\/veinsxrubi.org\/es\/wp-json\/wp\/v2\/types\/post"}],"author":[{"embeddable":true,"href":"https:\/\/veinsxrubi.org\/es\/wp-json\/wp\/v2\/users\/1"}],"replies":[{"embeddable":true,"href":"https:\/\/veinsxrubi.org\/es\/wp-json\/wp\/v2\/comments?post=1002"}],"version-history":[{"count":0,"href":"https:\/\/veinsxrubi.org\/es\/wp-json\/wp\/v2\/posts\/1002\/revisions"}],"wp:featuredmedia":[{"embeddable":true,"href":"https:\/\/veinsxrubi.org\/es\/wp-json\/wp\/v2\/media\/836"}],"wp:attachment":[{"href":"https:\/\/veinsxrubi.org\/es\/wp-json\/wp\/v2\/media?parent=1002"}],"wp:term":[{"taxonomy":"category","embeddable":true,"href":"https:\/\/veinsxrubi.org\/es\/wp-json\/wp\/v2\/categories?post=1002"},{"taxonomy":"post_tag","embeddable":true,"href":"https:\/\/veinsxrubi.org\/es\/wp-json\/wp\/v2\/tags?post=1002"}],"curies":[{"name":"wp","href":"https:\/\/api.w.org\/{rel}","templated":true}]}}